{"id":5080,"date":"2022-09-10T20:32:51","date_gmt":"2022-09-10T18:32:51","guid":{"rendered":"https:\/\/www.mittelschule-parsberg.de\/ms\/?p=4504"},"modified":"2022-09-10T20:32:51","modified_gmt":"2022-09-10T18:32:51","slug":"informationen-zum-schulbeginn-2022-23","status":"publish","type":"post","link":"https:\/\/mittelschule-parsberg.de\/ms\/?p=5080","title":{"rendered":"Informationen zum Schulbeginn 2022\/23"},"content":{"rendered":"<p><!--more--><\/p>\n<h1>Informationen Mittelschule Parsberg<\/h1>\n<p>&nbsp;<\/p>\n<p>Die Mittelschule Parsberg besuchen im neuen Schuljahr nach derzeitigem Stand 364 Sch\u00fclerinnen und Sch\u00fcler in 16 Klassen. Darunter befinden sich drei M-Klassen in der 7. und 10. Jahrgangsstufe, eine Vorbereitungsklasse, die auch zum Mittleren Schulabschluss f\u00fchrt, eine Deutschklasse, die den Schwerpunkt im Erlernen der deutschen Sprache und der Integration der\u00a0 Kinder und Jugendlichen aus anderen Kulturkreisen setzt und eine Br\u00fcckenklasse f\u00fcr die gefl\u00fcchteten Sch\u00fclerinnen und Sch\u00fcler aus der Ukraine. An unserer Mittelschule gibt es auch im kommenden Schuljahr in allen Jahrgangsstufen Ganztagsklassen und somit die M\u00f6glichkeit zwischen Ganztagsklasse und Regelklasse zu w\u00e4hlen. Dar\u00fcber hinaus wird es auch weiterhin ein offenes Ganztagsangebot in Kooperation mit dem Gymnasium Parsberg geben, um flexibel auf den Betreuungsbedarf der Eltern und Erziehungsberechtigten zu reagieren.<\/p>\n<p>&nbsp;<\/p>\n<p>&nbsp;<\/p>\n<p><strong>Folgende Klassen gibt es im Schuljahr 2022\/23:<\/strong><\/p>\n<table>\n<tbody>\n<tr>\n<td width=\"140\"><strong>Klasse<\/strong><\/td>\n<td width=\"369\"><strong>Klassenleitung<\/strong><\/td>\n<\/tr>\n<tr>\n<td width=\"140\">5a Ganztagsklasse<\/td>\n<td width=\"369\">Frau Susanne H\u00f6chbauer, Frau Sonja Strunz<\/td>\n<\/tr>\n<tr>\n<td width=\"140\">5b<\/td>\n<td width=\"369\">Herr Florian Feuerer \/ Frau Helena Lis<\/td>\n<\/tr>\n<tr>\n<td width=\"140\">6a Ganztagsklasse<\/td>\n<td width=\"369\">Frau Christine Bauer, Frau Patricia Thaler<\/td>\n<\/tr>\n<tr>\n<td width=\"140\">6b<\/td>\n<td width=\"369\">Frau Evi Spangler<\/td>\n<\/tr>\n<tr>\n<td width=\"140\">7a Ganztagsklasse<\/td>\n<td width=\"369\">Frau Bettina Peez, Herr Egbert Sommerfeld<\/td>\n<\/tr>\n<tr>\n<td width=\"140\">7b<\/td>\n<td width=\"369\">Herr Joachim P\u00f6ppl<\/td>\n<\/tr>\n<tr>\n<td width=\"140\">M7<\/td>\n<td width=\"369\">Frau Sabrina Stra\u00dfberger<\/td>\n<\/tr>\n<tr>\n<td width=\"140\">8a Ganztagsklasse<\/td>\n<td width=\"369\">Herr Michael Held, Frau Stephanie Br\u00f6cker<\/td>\n<\/tr>\n<tr>\n<td width=\"140\">8b<\/td>\n<td width=\"369\">Herr Johannes Fuchs<\/td>\n<\/tr>\n<tr>\n<td width=\"140\">9a Ganztagsklasse<\/td>\n<td width=\"369\">Frau Andrea Ott, Herr Roland Hutschenreiter<\/td>\n<\/tr>\n<tr>\n<td width=\"140\">9b<\/td>\n<td width=\"369\">Frau Christiane Vatter-Wittl<\/td>\n<\/tr>\n<tr>\n<td width=\"140\">M9a<\/td>\n<td width=\"369\">Frau Tanja Ferstl-Becher<\/td>\n<\/tr>\n<tr>\n<td width=\"140\">M9b<\/td>\n<td width=\"369\">Frau Christine M\u00fcller<\/td>\n<\/tr>\n<tr>\n<td width=\"140\">V2<\/td>\n<td width=\"369\">Frau Anna Bassler<\/td>\n<\/tr>\n<tr>\n<td width=\"140\">Br\u00fcckenklasse<\/td>\n<td width=\"369\">Frau Yana Charitonenko<\/td>\n<\/tr>\n<tr>\n<td width=\"140\">D-Klasse 5-9<\/td>\n<td width=\"369\">Herr Thomas Hierl<\/td>\n<\/tr>\n<\/tbody>\n<\/table>\n<p>&nbsp;<\/p>\n<p>&nbsp;<\/p>\n<p><strong><u>Lehrer\/-innen ohne Klassenf\u00fchrung sind:<\/u><\/strong><\/p>\n<p>Herr Matthias Ferstl, Schulleiter<\/p>\n<p>Herr Roland Hutschenreiter, Konrektor und Mitarbeiter in der Ganztagsklasse<\/p>\n<p>Herr Albert Semmler, Beratungsrektor<\/p>\n<p>Frau Patricia Thaler, Mitarbeiterin in der Ganztagsklasse<\/p>\n<p>Frau Elke Lehmeier, Mitarbeiterin in der Ganztagsklasse<\/p>\n<p>Frau Sonja Strunz, Mitarbeiterin in der Ganztagsklasse<\/p>\n<p>Frau Stefanie Br\u00f6cker, Mitarbeiterin in der Ganztagsklasse<\/p>\n<p>Herr Egbert Sommerfeld, F\u00f6rderlehrer und Mitarbeiter in der Ganztagsklasse<\/p>\n<p>&nbsp;<\/p>\n<p><strong><u>Mobile Reserven<\/u><\/strong><\/p>\n<p>Frau Birgit Signer, Mobile Reserve<\/p>\n<p>Herr Ulrich Bassler, Mobile Reserve<\/p>\n<p>Herr Patrick Hofmeister, Mobile Reserve<\/p>\n<p>Frau Laura Fritz, Mobile Reserve f\u00fcr Fachlehrer<\/p>\n<p>&nbsp;<\/p>\n<p><strong><u>Fachlehrer\/-innen f\u00fcr Ern\u00e4hrung und \u00a0Soziales, Wirtschaft und Kommunikation, Technik, Werken\/Textiles Gestalten und Buchf\u00fchrung \u00a0sind:<\/u><\/strong><\/p>\n<p>Frau Waltraud Mayer<\/p>\n<p>Frau Rosa Schmid<\/p>\n<p>Frau Iris Seufert<\/p>\n<p>Frau Angela Sch\u00e4chinger<\/p>\n<p>Frau Petra Stiegler<\/p>\n<p>Herr Sven Schmitz<\/p>\n<p>Herr Maximilian Appl<\/p>\n<p>&nbsp;<\/p>\n<p><strong><u>Kirchliche Lehrkr\u00e4fte f\u00fcr den Religionsunterricht:<\/u><\/strong><\/p>\n<p>Herr Pfarrer Christian Rakete aus Lupburg<\/p>\n<p>Frau Barbara Fischer, Pastoralreferentin<\/p>\n<p>Frau Elisabeth Loos, Religionslehrerin<\/p>\n<p>Frau Conchi Gomez, Religionslehrerin<\/p>\n<p>Frau Hanna Rothenb\u00fccher, Religionslehrerin ev.<\/p>\n<p>&nbsp;<\/p>\n<p><strong><u>Verwaltung:<\/u><\/strong><\/p>\n<p>Frau Heidi Feuerer<\/p>\n<p>Frau Kathrin Mayerh\u00f6fer<\/p>\n<p><strong><u>\u00a0<\/u><\/strong><\/p>\n<p><strong><u>Weitere Mitarbeiter: <\/u><\/strong><\/p>\n<p>Frau Jeanette Meyer, Leitung des Offenen Ganztags<\/p>\n<p>Frau Miriam Schmidt, Jugendsozialarbeit an Schulen<\/p>\n<p>&nbsp;<\/p>\n<p>&nbsp;<\/p>\n<p>Der Unterricht beginnt am Dienstag, dem 13. September 2022 f\u00fcr alle Sch\u00fclerinnen und Sch\u00fcler um 8:10 Uhr. Die Sch\u00fcler\/-innen der neuen 5. Klassen kommen bitte &#8211; wie alle anderen &#8211; ab 7:50 Uhr zur Schule und werden in der Aula von den Lehrkr\u00e4ften in Empfang genommen und ins Klassenzimmer gef\u00fchrt werden. \u00a0Es besteht keine Maskenpflicht, aber aufgrund der vielen Sch\u00fclerInnen in der Aula am ersten Schultag wird empfohlen eine Maske zu tragen. Mit dem Schulkonzept zum Infektionsschutz werden die Sch\u00fclerinnen und Sch\u00fcler von ihren Lehrkr\u00e4ften im Detail in den ersten Unterrichtstagen vertraut gemacht. In der ersten Schulwoche endet der Unterricht jeweils um 12:15 Uhr, die Busse und Z\u00fcge bringen die Kinder wieder nach Hause. Bitte beachten Sie, dass nicht alle Busse zu dieser Zeit fahren. Die \u00fcbrigen Sch\u00fcler\/-innen m\u00fcssen bis 13:15 Uhr warten oder k\u00f6nnen nat\u00fcrlich auch gerne abgeholt werden.<\/p>\n<p>Ab Montag, den 19.09.2022 findet dann Unterricht nach Stundenplan statt.\u00a0 Ab der zweiten Schulwoche beginnen dann auch der Ganztags- und Nachmittagsunterricht sowie die \u00a0Nachmittagsbetreuung.<\/p>\n<p>&nbsp;<\/p>\n<p>Die Abfahrtszeiten der Busse richten sich nach den Fahrpl\u00e4nen des VGN, ebenso die Abfahrtszeiten der Z\u00fcge nach den vorgegebenen Fahrpl\u00e4nen. Die Sch\u00fcler\/-innen erhalten ihre Fahrausweise, soweit m\u00f6glich, am 1. Schultag. Die Bef\u00f6rderung am Dienstag kann ohne Fahrausweis erfolgen.<\/p>\n<p>&nbsp;<\/p>\n<p>Die erste Lehrerkonferenz f\u00fcr das neue Schuljahr findet am Montag, den 12. September 2022 um 9:30 Uhr statt.<\/p>\n<p>&nbsp;<\/p>\n<p>Die Schulleitung der Mittelschule Parsberg w\u00fcnscht allen Sch\u00fclerinnen und Sch\u00fclern einen frohen und erwartungsvollen Schulanfang. Weitere Informationen und Hinweise erhalten Sie mit dem 1. Elternbrief f\u00fcr das Schuljahr 2022\/23.<\/p>\n","protected":false},"excerpt":{"rendered":"","protected":false},"author":1,"featured_media":4010,"comment_status":"closed","ping_status":"closed","sticky":false,"template":"","format":"standard","meta":{"footnotes":""},"categories":[1],"tags":[],"class_list":["post-5080","post","type-post","status-publish","format-standard","has-post-thumbnail","hentry","category-allgemein"],"_links":{"self":[{"href":"https:\/\/mittelschule-parsberg.de\/ms\/index.php?rest_route=\/wp\/v2\/posts\/5080","targetHints":{"allow":["GET"]}}],"collection":[{"href":"https:\/\/mittelschule-parsberg.de\/ms\/index.php?rest_route=\/wp\/v2\/posts"}],"about":[{"href":"https:\/\/mittelschule-parsberg.de\/ms\/index.php?rest_route=\/wp\/v2\/types\/post"}],"author":[{"embeddable":true,"href":"https:\/\/mittelschule-parsberg.de\/ms\/index.php?rest_route=\/wp\/v2\/users\/1"}],"replies":[{"embeddable":true,"href":"https:\/\/mittelschule-parsberg.de\/ms\/index.php?rest_route=%2Fwp%2Fv2%2Fcomments&post=5080"}],"version-history":[{"count":0,"href":"https:\/\/mittelschule-parsberg.de\/ms\/index.php?rest_route=\/wp\/v2\/posts\/5080\/revisions"}],"wp:featuredmedia":[{"embeddable":true,"href":"https:\/\/mittelschule-parsberg.de\/ms\/index.php?rest_route=\/wp\/v2\/media\/4010"}],"wp:attachment":[{"href":"https:\/\/mittelschule-parsberg.de\/ms\/index.php?rest_route=%2Fwp%2Fv2%2Fmedia&parent=5080"}],"wp:term":[{"taxonomy":"category","embeddable":true,"href":"https:\/\/mittelschule-parsberg.de\/ms\/index.php?rest_route=%2Fwp%2Fv2%2Fcategories&post=5080"},{"taxonomy":"post_tag","embeddable":true,"href":"https:\/\/mittelschule-parsberg.de\/ms\/index.php?rest_route=%2Fwp%2Fv2%2Ftags&post=5080"}],"curies":[{"name":"wp","href":"https:\/\/api.w.org\/{rel}","templated":true}]}}