{"id":5066,"date":"2021-09-15T08:21:31","date_gmt":"2021-09-15T06:21:31","guid":{"rendered":"https:\/\/www.mittelschule-parsberg.de\/ms\/?p=4322"},"modified":"2021-09-15T08:21:31","modified_gmt":"2021-09-15T06:21:31","slug":"informationen-zum-schulstart","status":"publish","type":"post","link":"https:\/\/mittelschule-parsberg.de\/ms\/?p=5066","title":{"rendered":"Informationen zum Schulstart"},"content":{"rendered":"<p><!--more--><\/p>\n<p>Der Unterricht beginnt am Dienstag, dem 14. September f\u00fcr alle Sch\u00fclerinnen und Sch\u00fcler um 8:10 Uhr. Die Sch\u00fcler\/-innen der neuen 5. Klassen kommen bitte &#8211; wie alle anderen &#8211; ab 7:50 Uhr zur Schule, wo sie aus Gr\u00fcnden des Infektionsschutzes am Haupteingang von den Fachlehrkr\u00e4ften in Empfang genommen und direkt ins Klassenzimmer geleitet werden. Dort erwartet sie die Klassenleitung, die den Sch\u00fclerinnen und Sch\u00fclern die Sitzpl\u00e4tze zuweist. Wie den Pressemitteilungen des Kultusministeriums zu entnehmen ist, m\u00fcssen auf dem Schulgel\u00e4nde und in den Klassenzimmern ein Mund- und Nasenschutz getragen werden. Mit dem Schulkonzept zum Infektionsschutz werden die Sch\u00fclerinnen und Sch\u00fcler von ihren Lehrkr\u00e4ften im Detail in den ersten Unterrichtstagen vertraut gemacht.\u00a0 In der ersten Schulwoche endet der Unterricht jeweils um 12:15 Uhr, die Busse und Z\u00fcge bringen die Kinder wieder nach Hause. Bitte beachten Sie, dass nicht alle Busse zu dieser Zeit fahren. Die \u00fcbrigen Sch\u00fcler\/-innen m\u00fcssen bis 13.15 Uhr warten oder k\u00f6nnen nat\u00fcrlich auch gerne abgeholt werden.<\/p>\n<p>Ab Montag, den 20.09.2021 findet dann Unterricht nach Stundenplan statt. Ab der zweiten Schulwoche beginnen dann auch der Ganztages- und Nachmittagsunterricht sowie die \u00a0Nachmittagsbetreuung.<\/p>\n<p>Die Abfahrtszeiten der Busse richten sich nach den Fahrpl\u00e4nen des VGN, ebenso die Abfahrtszeiten der Z\u00fcge nach den vorgegebenen Fahrpl\u00e4nen. Die Sch\u00fcler\/-innen erhalten ihre Fahrausweise, soweit m\u00f6glich, am 1. Schultag. Die Bef\u00f6rderung am Dienstag kann ohne Fahrausweis erfolgen.<\/p>\n<p>Die erste Lehrerkonferenz f\u00fcr das neue Schuljahr findet am Montag, den 13. September 2021 um 9:30 Uhr statt.<\/p>\n<p>Die Schulleitung der Mittelschule Parsberg w\u00fcnscht allen Sch\u00fclerinnen und Sch\u00fclern einen frohen und erwartungsvollen Schulanfang. Weitere Informationen und Hinweise erhalten Sie mit dem 1. Elternbrief f\u00fcr das Schuljahr 2021\/22.<\/p>\n","protected":false},"excerpt":{"rendered":"","protected":false},"author":1,"featured_media":0,"comment_status":"closed","ping_status":"closed","sticky":false,"template":"","format":"standard","meta":{"footnotes":""},"categories":[1],"tags":[],"class_list":["post-5066","post","type-post","status-publish","format-standard","hentry","category-allgemein"],"_links":{"self":[{"href":"https:\/\/mittelschule-parsberg.de\/ms\/index.php?rest_route=\/wp\/v2\/posts\/5066","targetHints":{"allow":["GET"]}}],"collection":[{"href":"https:\/\/mittelschule-parsberg.de\/ms\/index.php?rest_route=\/wp\/v2\/posts"}],"about":[{"href":"https:\/\/mittelschule-parsberg.de\/ms\/index.php?rest_route=\/wp\/v2\/types\/post"}],"author":[{"embeddable":true,"href":"https:\/\/mittelschule-parsberg.de\/ms\/index.php?rest_route=\/wp\/v2\/users\/1"}],"replies":[{"embeddable":true,"href":"https:\/\/mittelschule-parsberg.de\/ms\/index.php?rest_route=%2Fwp%2Fv2%2Fcomments&post=5066"}],"version-history":[{"count":0,"href":"https:\/\/mittelschule-parsberg.de\/ms\/index.php?rest_route=\/wp\/v2\/posts\/5066\/revisions"}],"wp:attachment":[{"href":"https:\/\/mittelschule-parsberg.de\/ms\/index.php?rest_route=%2Fwp%2Fv2%2Fmedia&parent=5066"}],"wp:term":[{"taxonomy":"category","embeddable":true,"href":"https:\/\/mittelschule-parsberg.de\/ms\/index.php?rest_route=%2Fwp%2Fv2%2Fcategories&post=5066"},{"taxonomy":"post_tag","embeddable":true,"href":"https:\/\/mittelschule-parsberg.de\/ms\/index.php?rest_route=%2Fwp%2Fv2%2Ftags&post=5066"}],"curies":[{"name":"wp","href":"https:\/\/api.w.org\/{rel}","templated":true}]}}