{"id":5052,"date":"2019-12-28T21:32:05","date_gmt":"2019-12-28T19:32:05","guid":{"rendered":"https:\/\/www.mittelschule-parsberg.de\/ms\/?p=3897"},"modified":"2019-12-28T21:32:05","modified_gmt":"2019-12-28T19:32:05","slug":"die-mittelschule-parsberg-knuepft-mit-hilfe-der-eu-ein-enges-band-zu-einer-schule-in-der-spanischen-provinz-alicante","status":"publish","type":"post","link":"https:\/\/mittelschule-parsberg.de\/ms\/?p=5052","title":{"rendered":"Die Mittelschule Parsberg kn\u00fcpft mit Hilfe der EU ein enges Band zu einer Schule in der spanischen Provinz Alicante"},"content":{"rendered":"<p><!--more--><\/p>\n<p>Seit Juli dieses Jahres hat die Mittelschule Parsberg eine Partnerschule in Spanien. Diese befindet sich im Ort Pinoso, einer Gemeinde von circa 8000 Einwohnern in der Provinz Alicante. Den Kontakt zu dieser Einrichtung kn\u00fcpfte der Parsberger Lehrer Herr V\u00f6gerl, der diesen Ort und einige der hiesigen Lehrer schon seit Jahren gut kennt.<span class=\"Apple-converted-space\">\u00a0<\/span><\/p>\n<p>M\u00f6glich wurde dieses Projekt aber erst durch die Unterst\u00fctzung der Europ\u00e4ischen Union, die \u00fcber ihr Bildungsprogramm \u201eErasmusPlus\u201c dieses Vorhaben im Sommer ausgew\u00e4hlt hat. So werden s\u00e4mtliche Fahrten der Sch\u00fcler und Lehrer und auch andere Kosten von der Europ\u00e4ischen Union \u00fcbernommen.<\/p>\n<p>Beide Schulen haben innerhalb dieses EU-Programms vereinbart, Sch\u00fcler der siebten bzw. achten Jahrgangsstufe \u00fcber einen Zeitraum von zwei Jahren auszutauschen. Das gemeinsame Vorhaben beinhaltet in seinem Kern jeweils ein Praktikum in einem spanischen und einem deutschen Unternehmen, das die Sch\u00fcler beider L\u00e4nder innerhalb eines zw\u00f6lft\u00e4gigen Aufenthalts in jeweils einem der beiden L\u00e4nder absolvieren. Seine Besonderheit besteht ferner darin, dass jedes der beiden Praktika von einem deutschen und einem spanischen Sch\u00fcler gemeinsam absolviert wird. Beide Sch\u00fcler bilden sozusagen f\u00fcr den vorgegebenen Zeitrahmen ein festes Tandem, das sich gegenseitig unterst\u00fctzt. Die Sch\u00fcler wohnen au\u00dferdem w\u00e4hrend ihres Auslandsaufenthalts in der Familie ihres \u201ePartners\u201c. So soll sich eine &#8222;Bindung&#8220; beider Sch\u00fcler zueinander ergeben, die durch einen zuvor erfolgten Abgleich beruflicher und privater Interessen angebahnt wird. Dar\u00fcber hinaus muss jedes bi-nationale &#8222;Sch\u00fclerpaar&#8220; bei zwei weiteren Treffen eine gemeinsame Pr\u00e4sentation erarbeiten, die sich nicht nur auf die gemachten Praktikumserfahrungen erstreckt, sondern die auch auf die nationalen Gemeinsamkeiten und Unterschiede in den Berufsbildern, in der Berufsausbildung sowie der Berufsaus\u00fcbung eingeht. Die Ergebnisse stellt jedes Sch\u00fclerpaar dann in jedem Land vor Vertretern der Schulbeh\u00f6rde sowie der beteiligten und interessierten Unternehmen vor. Die Ergebnisse gilt es in der Folge auch weiterhin so aufzuarbeiten, dass sie anschlie\u00dfend in einer Ausstellung f\u00fcr ein breiteres Publikum zug\u00e4nglich sind. Damit die Sch\u00fcler zu diesen angestrebten Ergebnissen bef\u00e4higt werden k\u00f6nnen, sind vor Beginn des jeweils zw\u00f6lft\u00e4gigen Aufenthalts im Partnerland zwei transnationale Projekttreffen der beteiligten Lehrer erforderlich. So waren bereits die spanischen Kollegen Frau Cant\u00f3, Frau Cambra und Herr Blasco Mitte November zu einem ersten Kennenlernen und erster koordinierender Absprachen in der Mittelschule Parsberg zu Besuch. Auf Parsberger Seite sind dies Frau Peez und Herr V\u00f6gerl.<span class=\"Apple-converted-space\">\u00a0<\/span><\/p>\n<p>Das Vorhaben wird zudem von der Berufsberatung beider L\u00e4nder begleitet. In seinen Genuss sollen auf beiden Seiten mindestens jeweils zehn Sch\u00fcler gelangen. Dies sind in Parsberg vor allem Sch\u00fcler der Klasse 7b.<span class=\"Apple-converted-space\">\u00a0<\/span><\/p>\n<p>Mit diesem Projekt wollen beide Partner ihre Sch\u00fcler bei der Berufswahl unterst\u00fctzen und die Gefahr, nach Abschluss der Schule arbeitslos bzw. ohne Lehrstelle zu sein, minimieren. Dar\u00fcber hinaus geht es aber auch darum, die Sch\u00fcler in der Begegnung mit den Sch\u00fclern aus der Partnerschule in ihrer Pers\u00f6nlichkeit zu st\u00e4rken und sie zu einer wertsch\u00e4tzenden und respektvollen Haltung gegen\u00fcber dem ausl\u00e4ndischen Tandempartner zu bef\u00e4higen.<\/p>\n","protected":false},"excerpt":{"rendered":"","protected":false},"author":1,"featured_media":4140,"comment_status":"closed","ping_status":"closed","sticky":false,"template":"","format":"standard","meta":{"footnotes":""},"categories":[1],"tags":[],"class_list":["post-5052","post","type-post","status-publish","format-standard","has-post-thumbnail","hentry","category-allgemein"],"_links":{"self":[{"href":"https:\/\/mittelschule-parsberg.de\/ms\/index.php?rest_route=\/wp\/v2\/posts\/5052","targetHints":{"allow":["GET"]}}],"collection":[{"href":"https:\/\/mittelschule-parsberg.de\/ms\/index.php?rest_route=\/wp\/v2\/posts"}],"about":[{"href":"https:\/\/mittelschule-parsberg.de\/ms\/index.php?rest_route=\/wp\/v2\/types\/post"}],"author":[{"embeddable":true,"href":"https:\/\/mittelschule-parsberg.de\/ms\/index.php?rest_route=\/wp\/v2\/users\/1"}],"replies":[{"embeddable":true,"href":"https:\/\/mittelschule-parsberg.de\/ms\/index.php?rest_route=%2Fwp%2Fv2%2Fcomments&post=5052"}],"version-history":[{"count":0,"href":"https:\/\/mittelschule-parsberg.de\/ms\/index.php?rest_route=\/wp\/v2\/posts\/5052\/revisions"}],"wp:featuredmedia":[{"embeddable":true,"href":"https:\/\/mittelschule-parsberg.de\/ms\/index.php?rest_route=\/wp\/v2\/media\/4140"}],"wp:attachment":[{"href":"https:\/\/mittelschule-parsberg.de\/ms\/index.php?rest_route=%2Fwp%2Fv2%2Fmedia&parent=5052"}],"wp:term":[{"taxonomy":"category","embeddable":true,"href":"https:\/\/mittelschule-parsberg.de\/ms\/index.php?rest_route=%2Fwp%2Fv2%2Fcategories&post=5052"},{"taxonomy":"post_tag","embeddable":true,"href":"https:\/\/mittelschule-parsberg.de\/ms\/index.php?rest_route=%2Fwp%2Fv2%2Ftags&post=5052"}],"curies":[{"name":"wp","href":"https:\/\/api.w.org\/{rel}","templated":true}]}}