{"id":5041,"date":"2019-11-03T21:52:53","date_gmt":"2019-11-03T19:52:53","guid":{"rendered":"https:\/\/www.mittelschule-parsberg.de\/ms\/?p=3811"},"modified":"2019-11-03T21:52:53","modified_gmt":"2019-11-03T19:52:53","slug":"projektwoche-klima","status":"publish","type":"post","link":"https:\/\/mittelschule-parsberg.de\/ms\/?p=5041","title":{"rendered":"Projektwoche Klima"},"content":{"rendered":"<p><!--more--><\/p>\n<p>PARSBERG. Anderswo wird die Schule geschw\u00e4nzt und auf den Stra\u00dfen demonstriert um Geh\u00f6r zu finden, die Sch\u00fcler und Lehrer der Mittelschule Parsberg packen gemeinsam mit an! Im Rahmen eine Projektwoche, die bezeichnend unter dem #klima stand besch\u00e4ftigten sich alle Klassen der Mittelschule im Unterricht mit Themen und Projekten rund um Gesundheit und Nachhaltigkeit. Praktisch und vor allem in engem Bezug zur Lebenswelt waren die Themen, die sich die einzelnen Klassen ausgesucht hatten. Die j\u00fcngeren Sch\u00fcler besch\u00e4ftigten sich gro\u00dffl\u00e4chig mit dem Thema \u201eM\u00fcll\u201c. Zum einen besuchten sie den Wertstoffhof und lernten, wie die einzelnen Abfallsorten getrennt und wiederverwertet werden. Zum anderen setzten sie das gelernte gleich an der Schule um. W\u00e4hrend die einen konkrete Umfragen zum \u00f6kologischen Fu\u00dfabdruck der Schule machten, gestalteten die anderen neue Plakate f\u00fcr das an der Schule gut funktionierende M\u00fclltrennungssystem. Der ein oder andere brauchte aber dann doch noch ein wenig Nachhilfe, wenn es um die Frage ging, was man mit verschmutzten Verbundpackungen machen soll: Sind die Verpackungen sauber, geh\u00f6ren sie in den gelben Sack, sind sie verschmutzt, geh\u00f6ren sie in den Restm\u00fcll. Eine Ganztagesklasse machte es sich zur Aufgabe den Verbrauch Plastikbechern und Capri-Sonne-Beuteln zu erheben. Sie kamen zu dem Schluss, dass t\u00e4glich rund 120 Plastikbecher und 110 Beutel der Limonade verbraucht werden. Nur etwa die H\u00e4lfte davon kann recycelt werden. Recycling und Reuse war ein weiteres Thema. So brachten die Lehrerinnen kreative Ideen mit, wie man die benutzten Verpackungen sauber macht und anschlie\u00dfend wiederverwerten, sprich \u201eupcyceln\u201c kann. So entstanden tolle Deko-Objekte, n\u00fctzliche Stiftehalter, Pflanzbecher und sogar extravagante Lichtobjekte. Ganz anders aber ebenso nachhaltig zeigte sich die M7, die einen Kleidertausch anbot. So konnten gut erhaltene und \u00fcberaus modische Oberteile den Besitzer wechseln. Des Weiteren wurde sich mit dem M\u00fcll besch\u00e4ftigt, den eine Klasse beim Fr\u00fchst\u00fcck produziert und wie man ihn einsparen kann, auch wie viel M\u00fcll eine vierk\u00f6pfige Familie pro Jahr erzeugt wurde berechnet. Es sind insgesamt 2468 kg pro Jahr.<span class=\"Apple-converted-space\">\u00a0 <\/span>Die gro\u00dfen besch\u00e4ftigten sich mit dem Thema Fair Trade. Sie zeigten ihren Mitsch\u00fclern, was Fair Trade bedeutet und wie gut solche Produkte schmecken k\u00f6nnen. In Zukunft werden Fair Trade Riegel im Kiosk angeboten. Die Gro\u00dfen besch\u00e4ftigten sich au\u00dferdem mit dem Mikroplastik in der Nahrungskette der Fische und schlie\u00dflich des Menschen. Auch mit dem Thema Ern\u00e4hrung wurde sich besch\u00e4ftigt und welche Auswirkungen das Essverhalten auf das Klima hat. Um pr\u00e4ventiv vorzugehen wurde f\u00fcr die 9.ten Klassen das Projekt \u201eBasta\u201c durchgef\u00fchrt um psychische Erkrankungen fr\u00fchzeitig zu erkennen und zu behandeln. Die Projektwoche endete mit einem gro\u00dfen Pr\u00e4sentationstag am Freitag. Schulleiter Matthias Ferstl zeigte sich stolz \u00fcber die Arbeit der Jugendlichen. Er bekr\u00e4ftigte, dass gerade in einer Schule auch das zwischenmenschliche Klima wichtig ist und deshalb Achtung, Respekt, Toleranz und R\u00fccksichtnahme auch wichtige Bestandteile des schulischen Ordnungsrahmens sind. Sch\u00fcler und Lehrer fanden ein gemeinsames Fazit: Klimaschutz f\u00e4ngt bei jedem einzelnen an und jeder kann etwas daf\u00fcr tun! (ucv)<\/p>\n<div id='gallery-1' class='gallery galleryid-5041 gallery-columns-2 gallery-size-thumbnail'><figure class='gallery-item'>\n\t\t\t<div class='gallery-icon landscape'>\n\t\t\t\t<a href='https:\/\/mittelschule-parsberg.de\/ms\/?attachment_id=3820'><img loading=\"lazy\" decoding=\"async\" width=\"150\" height=\"150\" src=\"https:\/\/mittelschule-parsberg.de\/ms\/wp-content\/uploads\/2019\/05\/Pflanzaktion-19-150x150.jpg\" class=\"attachment-thumbnail size-thumbnail\" alt=\"\" \/><\/a>\n\t\t\t<\/div><\/figure><figure class='gallery-item'>\n\t\t\t<div class='gallery-icon landscape'>\n\t\t\t\t<a href='https:\/\/mittelschule-parsberg.de\/ms\/?attachment_id=3821'><img loading=\"lazy\" decoding=\"async\" width=\"150\" height=\"150\" src=\"https:\/\/mittelschule-parsberg.de\/ms\/wp-content\/uploads\/2019\/05\/Pflanzaktion-19-1-150x150.jpg\" class=\"attachment-thumbnail size-thumbnail\" alt=\"\" \/><\/a>\n\t\t\t<\/div><\/figure><figure class='gallery-item'>\n\t\t\t<div class='gallery-icon landscape'>\n\t\t\t\t<a href='https:\/\/mittelschule-parsberg.de\/ms\/?attachment_id=3819'><img loading=\"lazy\" decoding=\"async\" width=\"150\" height=\"150\" src=\"https:\/\/mittelschule-parsberg.de\/ms\/wp-content\/uploads\/2019\/05\/Pflanzaktion-11-1-150x150.jpg\" class=\"attachment-thumbnail size-thumbnail\" alt=\"\" \/><\/a>\n\t\t\t<\/div><\/figure><figure class='gallery-item'>\n\t\t\t<div class='gallery-icon landscape'>\n\t\t\t\t<a href='https:\/\/mittelschule-parsberg.de\/ms\/?attachment_id=3818'><img loading=\"lazy\" decoding=\"async\" width=\"150\" height=\"150\" src=\"https:\/\/mittelschule-parsberg.de\/ms\/wp-content\/uploads\/2019\/05\/Pflanzaktion-11-150x150.jpg\" class=\"attachment-thumbnail size-thumbnail\" alt=\"\" \/><\/a>\n\t\t\t<\/div><\/figure><figure class='gallery-item'>\n\t\t\t<div class='gallery-icon landscape'>\n\t\t\t\t<a href='https:\/\/mittelschule-parsberg.de\/ms\/?attachment_id=3817'><img loading=\"lazy\" decoding=\"async\" width=\"150\" height=\"150\" src=\"https:\/\/mittelschule-parsberg.de\/ms\/wp-content\/uploads\/2019\/05\/Pflanzaktion-13-1-150x150.jpg\" class=\"attachment-thumbnail size-thumbnail\" alt=\"\" \/><\/a>\n\t\t\t<\/div><\/figure><figure class='gallery-item'>\n\t\t\t<div class='gallery-icon landscape'>\n\t\t\t\t<a href='https:\/\/mittelschule-parsberg.de\/ms\/?attachment_id=3816'><img loading=\"lazy\" decoding=\"async\" width=\"150\" height=\"150\" src=\"https:\/\/mittelschule-parsberg.de\/ms\/wp-content\/uploads\/2019\/05\/Pflanzaktion-13-150x150.jpg\" class=\"attachment-thumbnail size-thumbnail\" alt=\"\" \/><\/a>\n\t\t\t<\/div><\/figure><figure class='gallery-item'>\n\t\t\t<div class='gallery-icon landscape'>\n\t\t\t\t<a href='https:\/\/mittelschule-parsberg.de\/ms\/?attachment_id=3815'><img loading=\"lazy\" decoding=\"async\" width=\"150\" height=\"150\" src=\"https:\/\/mittelschule-parsberg.de\/ms\/wp-content\/uploads\/2019\/05\/ucv-Pflanzaktion-Schule-1-150x150.jpg\" class=\"attachment-thumbnail size-thumbnail\" alt=\"\" \/><\/a>\n\t\t\t<\/div><\/figure><figure class='gallery-item'>\n\t\t\t<div class='gallery-icon landscape'>\n\t\t\t\t<a href='https:\/\/mittelschule-parsberg.de\/ms\/?attachment_id=3814'><img loading=\"lazy\" decoding=\"async\" width=\"150\" height=\"150\" src=\"https:\/\/mittelschule-parsberg.de\/ms\/wp-content\/uploads\/2019\/05\/ucv-Pflanzaktion-Schule-150x150.jpg\" class=\"attachment-thumbnail size-thumbnail\" alt=\"\" \/><\/a>\n\t\t\t<\/div><\/figure><figure class='gallery-item'>\n\t\t\t<div class='gallery-icon landscape'>\n\t\t\t\t<a href='https:\/\/mittelschule-parsberg.de\/ms\/?attachment_id=3813'><img loading=\"lazy\" decoding=\"async\" width=\"150\" height=\"150\" src=\"https:\/\/mittelschule-parsberg.de\/ms\/wp-content\/uploads\/2018\/01\/Fruehling-1-150x150.png\" class=\"attachment-thumbnail size-thumbnail\" alt=\"\" \/><\/a>\n\t\t\t<\/div><\/figure><figure class='gallery-item'>\n\t\t\t<div class='gallery-icon landscape'>\n\t\t\t\t<a href='https:\/\/mittelschule-parsberg.de\/ms\/?attachment_id=3812'><img loading=\"lazy\" decoding=\"async\" width=\"150\" height=\"150\" src=\"https:\/\/mittelschule-parsberg.de\/ms\/wp-content\/uploads\/2018\/01\/Fruehling-150x150.png\" class=\"attachment-thumbnail size-thumbnail\" alt=\"\" \/><\/a>\n\t\t\t<\/div><\/figure>\n\t\t<\/div>\n\n","protected":false},"excerpt":{"rendered":"","protected":false},"author":1,"featured_media":4034,"comment_status":"closed","ping_status":"closed","sticky":false,"template":"","format":"standard","meta":{"footnotes":""},"categories":[1],"tags":[],"class_list":["post-5041","post","type-post","status-publish","format-standard","has-post-thumbnail","hentry","category-allgemein"],"_links":{"self":[{"href":"https:\/\/mittelschule-parsberg.de\/ms\/index.php?rest_route=\/wp\/v2\/posts\/5041","targetHints":{"allow":["GET"]}}],"collection":[{"href":"https:\/\/mittelschule-parsberg.de\/ms\/index.php?rest_route=\/wp\/v2\/posts"}],"about":[{"href":"https:\/\/mittelschule-parsberg.de\/ms\/index.php?rest_route=\/wp\/v2\/types\/post"}],"author":[{"embeddable":true,"href":"https:\/\/mittelschule-parsberg.de\/ms\/index.php?rest_route=\/wp\/v2\/users\/1"}],"replies":[{"embeddable":true,"href":"https:\/\/mittelschule-parsberg.de\/ms\/index.php?rest_route=%2Fwp%2Fv2%2Fcomments&post=5041"}],"version-history":[{"count":0,"href":"https:\/\/mittelschule-parsberg.de\/ms\/index.php?rest_route=\/wp\/v2\/posts\/5041\/revisions"}],"wp:featuredmedia":[{"embeddable":true,"href":"https:\/\/mittelschule-parsberg.de\/ms\/index.php?rest_route=\/wp\/v2\/media\/4034"}],"wp:attachment":[{"href":"https:\/\/mittelschule-parsberg.de\/ms\/index.php?rest_route=%2Fwp%2Fv2%2Fmedia&parent=5041"}],"wp:term":[{"taxonomy":"category","embeddable":true,"href":"https:\/\/mittelschule-parsberg.de\/ms\/index.php?rest_route=%2Fwp%2Fv2%2Fcategories&post=5041"},{"taxonomy":"post_tag","embeddable":true,"href":"https:\/\/mittelschule-parsberg.de\/ms\/index.php?rest_route=%2Fwp%2Fv2%2Ftags&post=5041"}],"curies":[{"name":"wp","href":"https:\/\/api.w.org\/{rel}","templated":true}]}}