{"id":5023,"date":"2019-01-13T22:06:30","date_gmt":"2019-01-13T20:06:30","guid":{"rendered":"https:\/\/www.mittelschule-parsberg.de\/ms\/?p=3538"},"modified":"2019-01-13T22:06:30","modified_gmt":"2019-01-13T20:06:30","slug":"ausnahmsweise-in-der-aula","status":"publish","type":"post","link":"https:\/\/mittelschule-parsberg.de\/ms\/?p=5023","title":{"rendered":"Ausnahmsweise in der Aula &#8230;"},"content":{"rendered":"<p><strong>Verk\u00f6stigung des Ganztags<\/strong><!--more--><\/p>\n<p>Da die Mensa im Gymnasium geschlossen hatte fand die Verk\u00f6stigung der Ganztagessch\u00fcler durch das Hausmeisterehepaar Srbecky statt.<br \/>\nAm Donnerstag, dem 10.01.2019, hatte leider die Mensa im Gymnasium geschlossen. In dieser essen die Sch\u00fcler der Ganztagesklassen normaler Weise zu Mittag. Damit die Sch\u00fcler trotzdem ein Mittagsessen bekommen erkl\u00e4rte sich das Hausmeister Ehepaar Srbecky spontan bereit die Verk\u00f6stigung zu \u00fcbernehmen. Deshalb ging es in der Mittagspause nicht in die Mensa, sondern zum Kiosk in der Schulaula. Die Lehrer waren begeistert, wie diszipliniert sich die Ganztagssch\u00fcler anstellten. Die Sch\u00fcler waren von den H\u00e4hnchenburger a la Srbecky begeistert und lie\u00dfen sich diese in der Aula schmecken.<\/p>\n<p>&nbsp;<\/p>\n<p><a href=\"https:\/\/mittelschule-parsberg.de\/ms\/wp-content\/uploads\/2019\/01\/IMG_20190110_123035.jpg\"><img loading=\"lazy\" decoding=\"async\" class=\"size-medium wp-image-3545 alignright\" src=\"https:\/\/mittelschule-parsberg.de\/ms\/wp-content\/uploads\/2019\/01\/IMG_20190110_123035-300x225.jpg\" alt=\"\" width=\"300\" height=\"225\" \/><\/a><a href=\"https:\/\/mittelschule-parsberg.de\/ms\/wp-content\/uploads\/2019\/01\/IMG_20190110_123004.jpg\"><img loading=\"lazy\" decoding=\"async\" class=\"size-medium wp-image-3544 alignleft\" src=\"https:\/\/mittelschule-parsberg.de\/ms\/wp-content\/uploads\/2019\/01\/IMG_20190110_123004-225x300.jpg\" alt=\"\" width=\"225\" height=\"300\" \/><\/a><\/p>\n","protected":false},"excerpt":{"rendered":"<p>Verk\u00f6stigung des Ganztags<\/p>\n","protected":false},"author":1,"featured_media":3648,"comment_status":"closed","ping_status":"closed","sticky":false,"template":"","format":"standard","meta":{"footnotes":""},"categories":[1],"tags":[],"class_list":["post-5023","post","type-post","status-publish","format-standard","has-post-thumbnail","hentry","category-allgemein"],"_links":{"self":[{"href":"https:\/\/mittelschule-parsberg.de\/ms\/index.php?rest_route=\/wp\/v2\/posts\/5023","targetHints":{"allow":["GET"]}}],"collection":[{"href":"https:\/\/mittelschule-parsberg.de\/ms\/index.php?rest_route=\/wp\/v2\/posts"}],"about":[{"href":"https:\/\/mittelschule-parsberg.de\/ms\/index.php?rest_route=\/wp\/v2\/types\/post"}],"author":[{"embeddable":true,"href":"https:\/\/mittelschule-parsberg.de\/ms\/index.php?rest_route=\/wp\/v2\/users\/1"}],"replies":[{"embeddable":true,"href":"https:\/\/mittelschule-parsberg.de\/ms\/index.php?rest_route=%2Fwp%2Fv2%2Fcomments&post=5023"}],"version-history":[{"count":0,"href":"https:\/\/mittelschule-parsberg.de\/ms\/index.php?rest_route=\/wp\/v2\/posts\/5023\/revisions"}],"wp:featuredmedia":[{"embeddable":true,"href":"https:\/\/mittelschule-parsberg.de\/ms\/index.php?rest_route=\/wp\/v2\/media\/3648"}],"wp:attachment":[{"href":"https:\/\/mittelschule-parsberg.de\/ms\/index.php?rest_route=%2Fwp%2Fv2%2Fmedia&parent=5023"}],"wp:term":[{"taxonomy":"category","embeddable":true,"href":"https:\/\/mittelschule-parsberg.de\/ms\/index.php?rest_route=%2Fwp%2Fv2%2Fcategories&post=5023"},{"taxonomy":"post_tag","embeddable":true,"href":"https:\/\/mittelschule-parsberg.de\/ms\/index.php?rest_route=%2Fwp%2Fv2%2Ftags&post=5023"}],"curies":[{"name":"wp","href":"https:\/\/api.w.org\/{rel}","templated":true}]}}