{"id":4986,"date":"2017-07-07T22:26:04","date_gmt":"2017-07-07T20:26:04","guid":{"rendered":"http:\/\/www.mittelschule-parsberg.de\/ms\/?p=2843"},"modified":"2017-07-07T22:26:04","modified_gmt":"2017-07-07T20:26:04","slug":"uebergangsklasse-ue-56-zu-besuch-in-der-buchhandlung-buchfink","status":"publish","type":"post","link":"https:\/\/mittelschule-parsberg.de\/ms\/?p=4986","title":{"rendered":"\u00dcbergangsklasse \u00dc 5\/6 zu Besuch in der Buchhandlung \u201eBuchfink\u201c"},"content":{"rendered":"<p><img loading=\"lazy\" decoding=\"async\" class=\"alignleft  wp-image-2844\" src=\"https:\/\/mittelschule-parsberg.de\/ms\/wp-content\/uploads\/2017\/07\/170706-buchfink-hp-150x150.jpg\" alt=\"\" width=\"90\" height=\"90\" \/>Auch in diesem Schuljahr meldete sich die Klasse wieder zum \u201eWelttag des Buches\u201c bei der Buchhandlung in Parsberg an. Frau Wegerer, Besitzerin des \u201eBuchfinks,\u201c konnte sich noch gut an die \u00dcbergangsklasse erinnern. <!--more-->Den Sch\u00fclern und Sch\u00fclerinnen gefiel der Besuch sehr, da in diesem Jahr eine \u201eBuch-Rallye \u201c durch-gef\u00fchrt wurde. Insgesamt mussten sie 6 R\u00e4tsel l\u00f6sen. Die Plakate waren an den Regalen des Buchladens angebracht. Ein Plakat aber war so gut versteckt, dass die Klasse gemeinsam auf Suche ging. Schlie\u00dflich fanden die Sch\u00fcler das letzte Plakat hinter den Gl\u00fcckwunschkarten. Jeder bekam ein Buch \u201eIch schenk dir eine Geschichte\u201c, das auch in diesem Jahr im hinteren Teil eine Comic-Version der Geschichte enthielt. So war sicher gestellt, dass die Sch\u00fcler und Sch\u00fclerinnen den Inhalt des Buches anhand der Bilder verstehen konnten. W\u00e4hrend des Unterrichts wurde eifrig gelesen und der Inhalt gekl\u00e4rt. Zum Schluss wurde die Geschichte in einem Rollenspiel mit verteilten Rollen vorgelesen bzw. gespielt.<\/p>\n<div id='gallery-1' class='gallery galleryid-4986 gallery-columns-1 gallery-size-thumbnail'><figure class='gallery-item'>\n\t\t\t<div class='gallery-icon landscape'>\n\t\t\t\t<a href='https:\/\/mittelschule-parsberg.de\/ms\/wp-content\/uploads\/2016\/10\/161029-Englandfahrt-7-83.jpg'><img loading=\"lazy\" decoding=\"async\" width=\"150\" height=\"150\" src=\"https:\/\/mittelschule-parsberg.de\/ms\/wp-content\/uploads\/2016\/10\/161029-Englandfahrt-7-83-150x150.jpg\" class=\"attachment-thumbnail size-thumbnail\" alt=\"\" \/><\/a>\n\t\t\t<\/div><\/figure>\n\t\t<\/div>\n\n","protected":false},"excerpt":{"rendered":"<p>Auch in diesem Schuljahr meldete sich die Klasse wieder zum \u201eWelttag des Buches\u201c bei der Buchhandlung in Parsberg an. Frau Wegerer, Besitzerin des \u201eBuchfinks,\u201c konnte sich noch gut an die \u00dcbergangsklasse erinnern.<\/p>\n","protected":false},"author":1,"featured_media":0,"comment_status":"closed","ping_status":"closed","sticky":false,"template":"","format":"standard","meta":{"footnotes":""},"categories":[1],"tags":[],"class_list":["post-4986","post","type-post","status-publish","format-standard","hentry","category-allgemein"],"_links":{"self":[{"href":"https:\/\/mittelschule-parsberg.de\/ms\/index.php?rest_route=\/wp\/v2\/posts\/4986","targetHints":{"allow":["GET"]}}],"collection":[{"href":"https:\/\/mittelschule-parsberg.de\/ms\/index.php?rest_route=\/wp\/v2\/posts"}],"about":[{"href":"https:\/\/mittelschule-parsberg.de\/ms\/index.php?rest_route=\/wp\/v2\/types\/post"}],"author":[{"embeddable":true,"href":"https:\/\/mittelschule-parsberg.de\/ms\/index.php?rest_route=\/wp\/v2\/users\/1"}],"replies":[{"embeddable":true,"href":"https:\/\/mittelschule-parsberg.de\/ms\/index.php?rest_route=%2Fwp%2Fv2%2Fcomments&post=4986"}],"version-history":[{"count":0,"href":"https:\/\/mittelschule-parsberg.de\/ms\/index.php?rest_route=\/wp\/v2\/posts\/4986\/revisions"}],"wp:attachment":[{"href":"https:\/\/mittelschule-parsberg.de\/ms\/index.php?rest_route=%2Fwp%2Fv2%2Fmedia&parent=4986"}],"wp:term":[{"taxonomy":"category","embeddable":true,"href":"https:\/\/mittelschule-parsberg.de\/ms\/index.php?rest_route=%2Fwp%2Fv2%2Fcategories&post=4986"},{"taxonomy":"post_tag","embeddable":true,"href":"https:\/\/mittelschule-parsberg.de\/ms\/index.php?rest_route=%2Fwp%2Fv2%2Ftags&post=4986"}],"curies":[{"name":"wp","href":"https:\/\/api.w.org\/{rel}","templated":true}]}}