{"id":4977,"date":"2017-02-21T10:03:10","date_gmt":"2017-02-21T08:03:10","guid":{"rendered":"http:\/\/www.mittelschule-parsberg.de\/ms\/?p=2682"},"modified":"2017-02-21T10:03:10","modified_gmt":"2017-02-21T08:03:10","slug":"krabat-besuch-im-theater-regensburg","status":"publish","type":"post","link":"https:\/\/mittelschule-parsberg.de\/ms\/?p=4977","title":{"rendered":"Krabat im Theater der Jugend in Regensburg"},"content":{"rendered":"<p><img loading=\"lazy\" decoding=\"async\" class=\"alignleft wp-image-2684\" src=\"https:\/\/mittelschule-parsberg.de\/ms\/wp-content\/uploads\/2017\/02\/170220-Krabat-7aG-7b2-150x150.jpg\" alt=\"\" width=\"90\" height=\"90\" \/>Im Anschluss an die Lekt\u00fcre des Jugendbuchs \u201eKrabat\u201c von Otfried Preu\u00dfler im Deutschunterricht besuchten die Klassen 7aG und 7b am 15. Februar dessen Inszenierung im Theater der Jugend in Regensburg, von der sich alle Sch\u00fcler begeistert zeigten.<!--more--> Der bettelnde und herumziehende Waisenjunge Krabat h\u00f6rt in einem wiederkehrenden Traum die Worte: \u201eKomm in die M\u00fchle zum Koselbruch!\u201c und folgt schlie\u00dflich der Stimme seiner Tr\u00e4ume: Er erreicht eine abgelegene und unheimliche M\u00fchle, wo er als Lehrling mit elf Gesellen harte Arbeit verrichten muss. Da er reichlich zu essen bekommt, l\u00e4sst er sich durch die merkw\u00fcrdigen Ereignisse in der M\u00fchle nicht einsch\u00fcchtern und ordnet sich zun\u00e4chst unter. Nach der Probezeit wird er vom Meister in die schwarze Schule aufgenommen, wo er von nun an die Kunst der Magie erlernt. Obwohl er nachts wiederholt tr\u00e4umt, erfolglos aus der M\u00fchle zu fl\u00fcchten, ist er dennoch fasziniert von der Magie und der Macht, die von ihr ausgeht. Im Laufe der Zeit findet er aber heraus, dass das Erlernen dieser Kunst einen hohen Preis hat: So macht es ein Pakt zwischen dem M\u00fcllermeister und dem Herrn Gevatter erforderlich, dass jedes Jahr zu Silvester ein Geselle sterben werden muss, damit der Meister leben kann. Krabat erkennt, dass er seine Seele verkauft hat. Als sein Freund Tonda zu Tode kommt, beschlie\u00dft er gegen den Meister aufzubegehren. Um dessen Macht zu brechen, muss er sein eigenes Leben und das eines M\u00e4dchens, das ihn liebt, riskieren. (Bettina Peez)<\/p>\n<p>(Fotografin Christina Iberl\/Theater Regensburg)<\/p>\n<div id='gallery-1' class='gallery galleryid-4977 gallery-columns-3 gallery-size-thumbnail'><figure class='gallery-item'>\n\t\t\t<div class='gallery-icon landscape'>\n\t\t\t\t<a href='https:\/\/mittelschule-parsberg.de\/ms\/wp-content\/uploads\/2016\/07\/160707-Mittelalter-erleben-Ue-5_61.jpg'><img loading=\"lazy\" decoding=\"async\" width=\"150\" height=\"150\" src=\"https:\/\/mittelschule-parsberg.de\/ms\/wp-content\/uploads\/2016\/07\/160707-Mittelalter-erleben-Ue-5_61-150x150.jpg\" class=\"attachment-thumbnail size-thumbnail\" alt=\"\" \/><\/a>\n\t\t\t<\/div><\/figure><figure class='gallery-item'>\n\t\t\t<div class='gallery-icon portrait'>\n\t\t\t\t<a href='https:\/\/mittelschule-parsberg.de\/ms\/wp-content\/uploads\/2016\/07\/160707-Buechereibesuch-Ue-5_67-1.jpg'><img loading=\"lazy\" decoding=\"async\" width=\"150\" height=\"150\" src=\"https:\/\/mittelschule-parsberg.de\/ms\/wp-content\/uploads\/2016\/07\/160707-Buechereibesuch-Ue-5_67-1-150x150.jpg\" class=\"attachment-thumbnail size-thumbnail\" alt=\"\" \/><\/a>\n\t\t\t<\/div><\/figure><figure class='gallery-item'>\n\t\t\t<div class='gallery-icon portrait'>\n\t\t\t\t<a href='https:\/\/mittelschule-parsberg.de\/ms\/wp-content\/uploads\/2016\/07\/160707-Buechereibesuch-Ue-5_67.jpg'><img loading=\"lazy\" decoding=\"async\" width=\"150\" height=\"150\" src=\"https:\/\/mittelschule-parsberg.de\/ms\/wp-content\/uploads\/2016\/07\/160707-Buechereibesuch-Ue-5_67-150x150.jpg\" class=\"attachment-thumbnail size-thumbnail\" alt=\"\" \/><\/a>\n\t\t\t<\/div><\/figure>\n\t\t<\/div>\n\n","protected":false},"excerpt":{"rendered":"<p>Im Anschluss an die Lekt\u00fcre des Jugendbuchs \u201eKrabat\u201c von Otfried Preu\u00dfler im Deutschunterricht besuchten die Klassen 7aG und 7b am 15. Februar dessen Inszenierung im Theater der Jugend in Regensburg, von der sich alle Sch\u00fcler begeistert zeigten.<\/p>\n","protected":false},"author":1,"featured_media":0,"comment_status":"closed","ping_status":"closed","sticky":false,"template":"","format":"standard","meta":{"footnotes":""},"categories":[1],"tags":[],"class_list":["post-4977","post","type-post","status-publish","format-standard","hentry","category-allgemein"],"_links":{"self":[{"href":"https:\/\/mittelschule-parsberg.de\/ms\/index.php?rest_route=\/wp\/v2\/posts\/4977","targetHints":{"allow":["GET"]}}],"collection":[{"href":"https:\/\/mittelschule-parsberg.de\/ms\/index.php?rest_route=\/wp\/v2\/posts"}],"about":[{"href":"https:\/\/mittelschule-parsberg.de\/ms\/index.php?rest_route=\/wp\/v2\/types\/post"}],"author":[{"embeddable":true,"href":"https:\/\/mittelschule-parsberg.de\/ms\/index.php?rest_route=\/wp\/v2\/users\/1"}],"replies":[{"embeddable":true,"href":"https:\/\/mittelschule-parsberg.de\/ms\/index.php?rest_route=%2Fwp%2Fv2%2Fcomments&post=4977"}],"version-history":[{"count":0,"href":"https:\/\/mittelschule-parsberg.de\/ms\/index.php?rest_route=\/wp\/v2\/posts\/4977\/revisions"}],"wp:attachment":[{"href":"https:\/\/mittelschule-parsberg.de\/ms\/index.php?rest_route=%2Fwp%2Fv2%2Fmedia&parent=4977"}],"wp:term":[{"taxonomy":"category","embeddable":true,"href":"https:\/\/mittelschule-parsberg.de\/ms\/index.php?rest_route=%2Fwp%2Fv2%2Fcategories&post=4977"},{"taxonomy":"post_tag","embeddable":true,"href":"https:\/\/mittelschule-parsberg.de\/ms\/index.php?rest_route=%2Fwp%2Fv2%2Ftags&post=4977"}],"curies":[{"name":"wp","href":"https:\/\/api.w.org\/{rel}","templated":true}]}}