{"id":4963,"date":"2016-10-24T18:41:46","date_gmt":"2016-10-24T16:41:46","guid":{"rendered":"http:\/\/www.mittelschule-parsberg.de\/ms\/?p=2532"},"modified":"2016-10-24T18:41:46","modified_gmt":"2016-10-24T16:41:46","slug":"uebergangsklasse-ue-56-nimmt-am-schreib-und-malwettbewerb-teil","status":"publish","type":"post","link":"https:\/\/mittelschule-parsberg.de\/ms\/?p=4963","title":{"rendered":"\u00dcbergangsklasse \u00dc 5\/6 nimmt am Schreib- und Malwettbewerb teil"},"content":{"rendered":"<p><strong><img loading=\"lazy\" decoding=\"async\" class=\"alignleft wp-image-2533\" src=\"https:\/\/mittelschule-parsberg.de\/ms\/wp-content\/uploads\/2016\/10\/DSCN8754-hp-1-150x150.jpg\" alt=\"dscn8754-hp\" width=\"90\" height=\"90\" \/><\/strong><\/p>\n<p>Thema: \u201eUrgesteine, Neub\u00fcrger, Asylsuchende \u2013 Heimat- und Zufluchtsort Oberpfalz\u201c. Bereits zum vierten Mal fanden die Literaturtage im Oberpf\u00e4lzer Jura statt.<!--more--> Im Jahr 2016 standen die Literaturtage unter dem Thema Heimat- und Zufluchtsort Oberpfalz. In der \u00dcbergangsklasse \u00dc 5\/6 waren 16 Sch\u00fcler aus 12 verschiedenen Nationen: Syrien, Kosovo, Mazedonien, Kroatien, Ukraine, Rum\u00e4nien, Ungarn, Tschechien, Serbien, Bulgarien, Spanien und Polen. Ein Gro\u00dfteil waren Sch\u00fcler aus EU-L\u00e4ndern \u2013 also Zuwanderer bzw. Neub\u00fcrger-, ein geringerer Teil Asylsuchende. Aus diesem Grund war das Thema f\u00fcr beide Gruppen aktuell. Ich stellte meinen Sch\u00fclern zwei Fragen:<\/p>\n<p>Was ist gut bzw. schlecht an Deutschland?<br \/>\nIst Deutschland f\u00fcr dich schon ein St\u00fcck Heimat geworden?<\/p>\n<p>Je nach Sprachstand schrieben bzw. malten die Kinder auf ein Plakat ihre Gedanken. Viele von ihnen gaben an, dass sie in Deutschland schon neue Freunde gefunden haben und sie in Sicherheit sind. Doch vermissten alle ihre Verwandten und Freunde, die noch in ihrem Herkunftsland waren. Auch fehlten ihnen die gewohnte Umgebung und das typische Essen aus ihrem Land. Deshalb war f\u00fcr die meisten meiner Sch\u00fcler Deutschland noch keine neue Heimat geworden. Ein syrischer Sch\u00fcler schrieb: \u201eHier in Deutschland bin ich in Sicherheit. Meiner Familie geht es gut. Wir haben Deutschland viel zu verdanken. Doch wenn der Krieg in Syrien vorbei ist, m\u00f6chte ich wieder zur\u00fcck. Syrien ist meine Heimat.\u201c Die Plakate wurden am Freitag, den 07.10.2016 im Zehentstadl in Hemau ausgestellt und pr\u00e4miert. Als Klassenleitung nahm ich die Ehrung entgegen. Frau Riedl-Valder lie\u00df es sich aber nicht nehmen, den Sch\u00fclern pers\u00f6nlich ihre Preise zu \u00fcbergeben. Sie besuchte die Mittelschule und bedankte sich noch einmal recht herzlich f\u00fcr die tollen Plakate und Ideen. Mit einem Eisgutschein erhielt jeder Teilnehmer ein \u201es\u00fc\u00dfes Dankesch\u00f6n\u201c. (Evi Spangler)<\/p>\n<p>&nbsp;<\/p>\n<div id='gallery-1' class='gallery galleryid-4963 gallery-columns-1 gallery-size-thumbnail'><figure class='gallery-item'>\n\t\t\t<div class='gallery-icon landscape'>\n\t\t\t\t<a href='https:\/\/mittelschule-parsberg.de\/ms\/wp-content\/uploads\/2016\/05\/160509-BesuchStaedtischer-Kiga-Ue-5-6-3.jpg'><img loading=\"lazy\" decoding=\"async\" width=\"150\" height=\"150\" src=\"https:\/\/mittelschule-parsberg.de\/ms\/wp-content\/uploads\/2016\/05\/160509-BesuchStaedtischer-Kiga-Ue-5-6-3-150x150.jpg\" class=\"attachment-thumbnail size-thumbnail\" alt=\"\" \/><\/a>\n\t\t\t<\/div><\/figure>\n\t\t<\/div>\n\n","protected":false},"excerpt":{"rendered":"<p>Thema: \u201eUrgesteine, Neub\u00fcrger, Asylsuchende \u2013 Heimat- und Zufluchtsort Oberpfalz\u201c. Bereits zum vierten Mal fanden die Literaturtage im Oberpf\u00e4lzer Jura statt.<\/p>\n","protected":false},"author":1,"featured_media":0,"comment_status":"closed","ping_status":"closed","sticky":false,"template":"","format":"standard","meta":{"footnotes":""},"categories":[1],"tags":[],"class_list":["post-4963","post","type-post","status-publish","format-standard","hentry","category-allgemein"],"_links":{"self":[{"href":"https:\/\/mittelschule-parsberg.de\/ms\/index.php?rest_route=\/wp\/v2\/posts\/4963","targetHints":{"allow":["GET"]}}],"collection":[{"href":"https:\/\/mittelschule-parsberg.de\/ms\/index.php?rest_route=\/wp\/v2\/posts"}],"about":[{"href":"https:\/\/mittelschule-parsberg.de\/ms\/index.php?rest_route=\/wp\/v2\/types\/post"}],"author":[{"embeddable":true,"href":"https:\/\/mittelschule-parsberg.de\/ms\/index.php?rest_route=\/wp\/v2\/users\/1"}],"replies":[{"embeddable":true,"href":"https:\/\/mittelschule-parsberg.de\/ms\/index.php?rest_route=%2Fwp%2Fv2%2Fcomments&post=4963"}],"version-history":[{"count":0,"href":"https:\/\/mittelschule-parsberg.de\/ms\/index.php?rest_route=\/wp\/v2\/posts\/4963\/revisions"}],"wp:attachment":[{"href":"https:\/\/mittelschule-parsberg.de\/ms\/index.php?rest_route=%2Fwp%2Fv2%2Fmedia&parent=4963"}],"wp:term":[{"taxonomy":"category","embeddable":true,"href":"https:\/\/mittelschule-parsberg.de\/ms\/index.php?rest_route=%2Fwp%2Fv2%2Fcategories&post=4963"},{"taxonomy":"post_tag","embeddable":true,"href":"https:\/\/mittelschule-parsberg.de\/ms\/index.php?rest_route=%2Fwp%2Fv2%2Ftags&post=4963"}],"curies":[{"name":"wp","href":"https:\/\/api.w.org\/{rel}","templated":true}]}}