{"id":4960,"date":"2016-07-20T07:35:49","date_gmt":"2016-07-20T05:35:49","guid":{"rendered":"http:\/\/www.mittelschule-parsberg.de\/ms\/?p=2482"},"modified":"2016-07-20T07:35:49","modified_gmt":"2016-07-20T05:35:49","slug":"abschlussfahrt-der-klassen-g9a-und-9b-nach-kroatien-2016","status":"publish","type":"post","link":"https:\/\/mittelschule-parsberg.de\/ms\/?p=4960","title":{"rendered":"Abschlussfahrt der Klassen G9a und 9b nach Kroatien 2016"},"content":{"rendered":"<p><img loading=\"lazy\" decoding=\"async\" class=\"alignleft  wp-image-2488\" src=\"https:\/\/mittelschule-parsberg.de\/ms\/wp-content\/uploads\/2016\/07\/160720-Abschlussfahrt-9aG9b-Kroatien6-150x150.jpg\" alt=\"SONY DSC\" width=\"90\" height=\"90\" \/>Seit Jahresbeginn fieberten Sch\u00fcler und Lehrer sehns\u00fcchtig auf die verdiente Abschlussfahrt hin. Herr Forster, Herr Semmler und Frau Peez erkl\u00e4rten sich dankenswertiger Weise bereit, mit uns Sch\u00fclern der neunten Klassen eine Woche auf Abschlussfahrt zu gehen. Wir stellten uns bald die Frage: Wohin wollen wir eigentlich?<!--more--><\/p>\n<p>Nach einigen Diskussionen entschieden wir uns f\u00fcr Kroatien. Herr Forster holte die n\u00f6tigen Informationen ein, buchte Bus, Unterkunft und Stadtf\u00fchrer. Am Montag, den 04.04.2016 war es dann schlie\u00dflich so weit. Die Reise konnte beginnen. Sch\u00fcler und Lehrer starteten p\u00fcnktlich um 6:00 Uhr morgens in Parsberg. Nach einer zehnst\u00fcndigen Busfahrt und mehreren Pausen kamen wir ein wenig m\u00fcde, aber voller Vorfreude in Kroatien an und genehmigten uns vor der Erkundigung unserer kleinen Stadt Crikvenica noch ein Eis. Danach genossen wir das erste fantastische Abendb\u00fcffet in unserem Hotel und hatten den Abend ganz zu unserer freien Verf\u00fcgung. Gleich am ersten Tag starteten wir die Erkundung der Stadt Pula, dem gr\u00f6\u00dften Ort der Halbinsel und nat\u00fcrlich deren wunderbar erhaltenes Amphitheater. Nach einer interessanten Stadtf\u00fchrung hatten wir gen\u00fcgend Zeit, Souvenirs und Postkarten zu kaufen und nat\u00fcrlich in Stra\u00dfencaf\u00e9s das einheimische Eis zu probieren. Zur\u00fcck in Crikvenica ging es am Abend dann an den Strand zum Ratschen, Relaxen oder auch zum Baden, wobei sich nicht nur an diesem Abend nicht wenige Sch\u00fcler trotz niedriger Temperaturen ins Meer wagten. Am zweiten Tag fuhren wir morgens in das quirlige Rijeka, wo wir uns den tollen Wochen- und vor allem Fischmarkt anschauten. Und nachmittags kreuzten wir mehrere Stunden lang mit einem Panoramaschiff an der traumhaften K\u00fcste entlang, was ein absolutes Highlight war. Die junge Crew hatte eigens f\u00fcr uns die passende Musik ausgew\u00e4hlt.\u00a0 Der n\u00e4chste Tag begann mit unserer kroatischen Reiseleiterin, die uns w\u00e4hrend der mehrst\u00fcndigen Busfahrt zu den Plitvitzer Seen viel \u00fcber die wechselvolle Geschichte Kroatiens erz\u00e4hlte. Dort angekommen sahen wir wirklich \u00fcberw\u00e4ltigende Naturschauspiele mit smaragdgr\u00fcnem Wasser und sehr beeindruckenden Wasserf\u00e4llen. Die Wanderung quer durch das riesige Naturschutzgebiet dauerte ca. drei Stunden. F\u00fcr viele von uns war das ein unvergessenes Erlebnis und vielleicht auch der sch\u00f6nste Tag der Abschlussfahrt. Am Freitag ging es nach einem ausgedehnten Fr\u00fchst\u00fcck mit dem Bus leider wieder zur\u00fcck in die Heimat. Auf der R\u00fcckreise legten wir aber noch einen Zwischenstopp in Slowenien bei der Postojna Grotte ein, die zu den gr\u00f6\u00dften Sehensw\u00fcrdigkeiten dieses kleinen Landes z\u00e4hlt. Hauptattraktion sind die zahllosen und in vielen Farben schimmernden Stalaktiten und Stalagmiten, die man mittels Bahn und zu Fu\u00df erkundet. Schon alleine die schiere Gr\u00f6\u00dfe dieser H\u00f6hle lie\u00df uns in Bewunderung verfallen. Nach circa zwei Stunden machten wir uns dann endg\u00fcltig auf die Heimreise. Beide Abschlussklassen m\u00f6chten sich bei den beteiligten Lehrkr\u00e4ften Herr Forster, Herr Semmler und Frau Peez f\u00fcr Ihre M\u00fchen herzlich bedanken. Sch\u00fcler und Lehrer waren sich bei der Nachbesprechung einig, dass diese Abschlussfahrt gut organisiert war, ein tolles Programm hatte und somit f\u00fcr jeden Lehrer und f\u00fcr alle Sch\u00fcler unvergesslich werden wird.<\/p>\n<div id='gallery-1' class='gallery galleryid-4960 gallery-columns-2 gallery-size-thumbnail'><figure class='gallery-item'>\n\t\t\t<div class='gallery-icon landscape'>\n\t\t\t\t<a href='https:\/\/mittelschule-parsberg.de\/ms\/wp-content\/uploads\/2016\/05\/160430-Schikurs-6.-Klassen11.jpg'><img loading=\"lazy\" decoding=\"async\" width=\"150\" height=\"150\" src=\"https:\/\/mittelschule-parsberg.de\/ms\/wp-content\/uploads\/2016\/05\/160430-Schikurs-6.-Klassen11-150x150.jpg\" class=\"attachment-thumbnail size-thumbnail\" alt=\"\" \/><\/a>\n\t\t\t<\/div><\/figure><figure class='gallery-item'>\n\t\t\t<div class='gallery-icon portrait'>\n\t\t\t\t<a href='https:\/\/mittelschule-parsberg.de\/ms\/wp-content\/uploads\/2016\/05\/160430-Schikurs-6.-Klassen12.jpg'><img loading=\"lazy\" decoding=\"async\" width=\"150\" height=\"150\" src=\"https:\/\/mittelschule-parsberg.de\/ms\/wp-content\/uploads\/2016\/05\/160430-Schikurs-6.-Klassen12-150x150.jpg\" class=\"attachment-thumbnail size-thumbnail\" alt=\"\" \/><\/a>\n\t\t\t<\/div><\/figure><figure class='gallery-item'>\n\t\t\t<div class='gallery-icon landscape'>\n\t\t\t\t<a href='https:\/\/mittelschule-parsberg.de\/ms\/wp-content\/uploads\/2016\/05\/160430-Schikurs-6.-Klassen13.jpg'><img loading=\"lazy\" decoding=\"async\" width=\"150\" height=\"150\" src=\"https:\/\/mittelschule-parsberg.de\/ms\/wp-content\/uploads\/2016\/05\/160430-Schikurs-6.-Klassen13-150x150.jpg\" class=\"attachment-thumbnail size-thumbnail\" alt=\"\" \/><\/a>\n\t\t\t<\/div><\/figure><figure class='gallery-item'>\n\t\t\t<div class='gallery-icon landscape'>\n\t\t\t\t<a href='https:\/\/mittelschule-parsberg.de\/ms\/wp-content\/uploads\/2016\/05\/160430-Schikurs-6.-Klassen13-1.jpg'><img loading=\"lazy\" decoding=\"async\" width=\"150\" height=\"150\" src=\"https:\/\/mittelschule-parsberg.de\/ms\/wp-content\/uploads\/2016\/05\/160430-Schikurs-6.-Klassen13-1-150x150.jpg\" class=\"attachment-thumbnail size-thumbnail\" alt=\"\" \/><\/a>\n\t\t\t<\/div><\/figure><figure class='gallery-item'>\n\t\t\t<div class='gallery-icon landscape'>\n\t\t\t\t<a href='https:\/\/mittelschule-parsberg.de\/ms\/wp-content\/uploads\/2016\/05\/160430-Schikurs-6.-Klassen14.jpg'><img loading=\"lazy\" decoding=\"async\" width=\"150\" height=\"150\" src=\"https:\/\/mittelschule-parsberg.de\/ms\/wp-content\/uploads\/2016\/05\/160430-Schikurs-6.-Klassen14-150x150.jpg\" class=\"attachment-thumbnail size-thumbnail\" alt=\"\" \/><\/a>\n\t\t\t<\/div><\/figure><figure class='gallery-item'>\n\t\t\t<div class='gallery-icon landscape'>\n\t\t\t\t<a href='https:\/\/mittelschule-parsberg.de\/ms\/wp-content\/uploads\/2016\/05\/160430-Schikurs-6.-Klassen14-1.jpg'><img loading=\"lazy\" decoding=\"async\" width=\"150\" height=\"150\" src=\"https:\/\/mittelschule-parsberg.de\/ms\/wp-content\/uploads\/2016\/05\/160430-Schikurs-6.-Klassen14-1-150x150.jpg\" class=\"attachment-thumbnail size-thumbnail\" alt=\"\" \/><\/a>\n\t\t\t<\/div><\/figure><figure class='gallery-item'>\n\t\t\t<div class='gallery-icon landscape'>\n\t\t\t\t<a href='https:\/\/mittelschule-parsberg.de\/ms\/wp-content\/uploads\/2016\/05\/160430-Schikurs-6.-Klassen15.jpg'><img loading=\"lazy\" decoding=\"async\" width=\"150\" height=\"150\" src=\"https:\/\/mittelschule-parsberg.de\/ms\/wp-content\/uploads\/2016\/05\/160430-Schikurs-6.-Klassen15-150x150.jpg\" class=\"attachment-thumbnail size-thumbnail\" alt=\"\" \/><\/a>\n\t\t\t<\/div><\/figure><figure class='gallery-item'>\n\t\t\t<div class='gallery-icon landscape'>\n\t\t\t\t<a href='https:\/\/mittelschule-parsberg.de\/ms\/wp-content\/uploads\/2016\/05\/160430-Schikurs-6.-Klassen15-1.jpg'><img loading=\"lazy\" decoding=\"async\" width=\"150\" height=\"150\" src=\"https:\/\/mittelschule-parsberg.de\/ms\/wp-content\/uploads\/2016\/05\/160430-Schikurs-6.-Klassen15-1-150x150.jpg\" class=\"attachment-thumbnail size-thumbnail\" alt=\"\" \/><\/a>\n\t\t\t<\/div><\/figure>\n\t\t<\/div>\n\n","protected":false},"excerpt":{"rendered":"<p>Seit Jahresbeginn fieberten Sch\u00fcler und Lehrer sehns\u00fcchtig auf die verdiente Abschlussfahrt hin. Herr Forster, Herr Semmler und Frau Peez erkl\u00e4rten sich dankenswertiger Weise bereit, mit uns Sch\u00fclern der neunten Klassen eine Woche auf Abschlussfahrt zu gehen. Wir stellten uns bald die Frage: Wohin wollen wir eigentlich?<\/p>\n","protected":false},"author":1,"featured_media":0,"comment_status":"closed","ping_status":"closed","sticky":false,"template":"","format":"standard","meta":{"footnotes":""},"categories":[1],"tags":[],"class_list":["post-4960","post","type-post","status-publish","format-standard","hentry","category-allgemein"],"_links":{"self":[{"href":"https:\/\/mittelschule-parsberg.de\/ms\/index.php?rest_route=\/wp\/v2\/posts\/4960","targetHints":{"allow":["GET"]}}],"collection":[{"href":"https:\/\/mittelschule-parsberg.de\/ms\/index.php?rest_route=\/wp\/v2\/posts"}],"about":[{"href":"https:\/\/mittelschule-parsberg.de\/ms\/index.php?rest_route=\/wp\/v2\/types\/post"}],"author":[{"embeddable":true,"href":"https:\/\/mittelschule-parsberg.de\/ms\/index.php?rest_route=\/wp\/v2\/users\/1"}],"replies":[{"embeddable":true,"href":"https:\/\/mittelschule-parsberg.de\/ms\/index.php?rest_route=%2Fwp%2Fv2%2Fcomments&post=4960"}],"version-history":[{"count":0,"href":"https:\/\/mittelschule-parsberg.de\/ms\/index.php?rest_route=\/wp\/v2\/posts\/4960\/revisions"}],"wp:attachment":[{"href":"https:\/\/mittelschule-parsberg.de\/ms\/index.php?rest_route=%2Fwp%2Fv2%2Fmedia&parent=4960"}],"wp:term":[{"taxonomy":"category","embeddable":true,"href":"https:\/\/mittelschule-parsberg.de\/ms\/index.php?rest_route=%2Fwp%2Fv2%2Fcategories&post=4960"},{"taxonomy":"post_tag","embeddable":true,"href":"https:\/\/mittelschule-parsberg.de\/ms\/index.php?rest_route=%2Fwp%2Fv2%2Ftags&post=4960"}],"curies":[{"name":"wp","href":"https:\/\/api.w.org\/{rel}","templated":true}]}}