{"id":4948,"date":"2016-05-11T21:15:10","date_gmt":"2016-05-11T19:15:10","guid":{"rendered":"http:\/\/www.mittelschule-parsberg.de\/ms\/?p=2324"},"modified":"2016-05-11T21:15:10","modified_gmt":"2016-05-11T19:15:10","slug":"uebergangsklasse-ue-56-besuch-der-buchhandlung-buchfink","status":"publish","type":"post","link":"https:\/\/mittelschule-parsberg.de\/ms\/?p=4948","title":{"rendered":"\u00dcbergangsklasse \u00dc 5\/6 \u2013 Besuch der Buchhandlung Buchfink"},"content":{"rendered":"<p><img loading=\"lazy\" decoding=\"async\" class=\"alignleft wp-image-2325\" src=\"https:\/\/mittelschule-parsberg.de\/ms\/wp-content\/uploads\/2016\/05\/160508-Besuch-Buchfink-Ue-5-6-4-150x150.jpg\" alt=\"160508 Besuch Buchfink \u00dc 5 6 4\" width=\"90\" height=\"90\" \/>Am Welttag des Buches hat jede Klasse die M\u00f6glichkeit sich einen Klassensatz des Buches \u201eIch schenke dir eine Geschichte\u201c kostenlos in einem Buchladen abzuholen. Dieses Jahr war das Buch auch f\u00fcr Sch\u00fcler geeignet, die noch nicht so gut Deutsch k\u00f6nnen, da der Erz\u00e4hltext auch als Comic mit vielen Bildern angeboten wurde. <!--more-->Wir nahmen das Angebot von Frau H\u00f6chbauer gerne an, die f\u00fcr die \u00dcbergangsklasse die B\u00fccher mitbestellte. Am Freitag, den 06.05.2016 war es dann so weit und die 16 Sch\u00fclerinnen und Sch\u00fcler marschierten von der Schule zum Buchladen. Nach einer kurzen Einf\u00fchrung durch Frau Wegerer bekam jeder Sch\u00fcler das Buch geschenkt. Danach hatten die Jugendlichen noch ein wenig Zeit sich im Laden umzuschauen. Besonders beliebt waren die Reisef\u00fchrer, wo die Sch\u00fcler viele ihrer Herkunftsl\u00e4nder wiedererkannten. Auch der Tisch mit den W\u00f6rterb\u00fcchern und Bilderw\u00f6rterb\u00fcchern speziell f\u00fcr Ausl\u00e4nder stie\u00df auf gro\u00dfes Interesse. Schade nur, dass man sich die B\u00fccher nicht ausleihen konnte wie in einer B\u00fccherei.<\/p>\n<div id='gallery-1' class='gallery galleryid-4948 gallery-columns-1 gallery-size-thumbnail'><figure class='gallery-item'>\n\t\t\t<div class='gallery-icon portrait'>\n\t\t\t\t<a href='https:\/\/mittelschule-parsberg.de\/ms\/wp-content\/uploads\/2016\/01\/160125-BP-8b20.jpg'><img loading=\"lazy\" decoding=\"async\" width=\"150\" height=\"150\" src=\"https:\/\/mittelschule-parsberg.de\/ms\/wp-content\/uploads\/2016\/01\/160125-BP-8b20-150x150.jpg\" class=\"attachment-thumbnail size-thumbnail\" alt=\"\" \/><\/a>\n\t\t\t<\/div><\/figure>\n\t\t<\/div>\n\n","protected":false},"excerpt":{"rendered":"<p>Am Welttag des Buches hat jede Klasse die M\u00f6glichkeit sich einen Klassensatz des Buches \u201eIch schenke dir eine Geschichte\u201c kostenlos in einem Buchladen abzuholen. Dieses Jahr war das Buch auch f\u00fcr Sch\u00fcler geeignet, die noch nicht so gut Deutsch k\u00f6nnen, da der Erz\u00e4hltext auch als Comic mit vielen Bildern angeboten&hellip; <\/p>\n","protected":false},"author":1,"featured_media":0,"comment_status":"closed","ping_status":"closed","sticky":false,"template":"","format":"standard","meta":{"footnotes":""},"categories":[1],"tags":[],"class_list":["post-4948","post","type-post","status-publish","format-standard","hentry","category-allgemein"],"_links":{"self":[{"href":"https:\/\/mittelschule-parsberg.de\/ms\/index.php?rest_route=\/wp\/v2\/posts\/4948","targetHints":{"allow":["GET"]}}],"collection":[{"href":"https:\/\/mittelschule-parsberg.de\/ms\/index.php?rest_route=\/wp\/v2\/posts"}],"about":[{"href":"https:\/\/mittelschule-parsberg.de\/ms\/index.php?rest_route=\/wp\/v2\/types\/post"}],"author":[{"embeddable":true,"href":"https:\/\/mittelschule-parsberg.de\/ms\/index.php?rest_route=\/wp\/v2\/users\/1"}],"replies":[{"embeddable":true,"href":"https:\/\/mittelschule-parsberg.de\/ms\/index.php?rest_route=%2Fwp%2Fv2%2Fcomments&post=4948"}],"version-history":[{"count":0,"href":"https:\/\/mittelschule-parsberg.de\/ms\/index.php?rest_route=\/wp\/v2\/posts\/4948\/revisions"}],"wp:attachment":[{"href":"https:\/\/mittelschule-parsberg.de\/ms\/index.php?rest_route=%2Fwp%2Fv2%2Fmedia&parent=4948"}],"wp:term":[{"taxonomy":"category","embeddable":true,"href":"https:\/\/mittelschule-parsberg.de\/ms\/index.php?rest_route=%2Fwp%2Fv2%2Fcategories&post=4948"},{"taxonomy":"post_tag","embeddable":true,"href":"https:\/\/mittelschule-parsberg.de\/ms\/index.php?rest_route=%2Fwp%2Fv2%2Ftags&post=4948"}],"curies":[{"name":"wp","href":"https:\/\/api.w.org\/{rel}","templated":true}]}}