{"id":4928,"date":"2015-11-10T18:03:49","date_gmt":"2015-11-10T16:03:49","guid":{"rendered":"http:\/\/www.mittelschule-parsberg.de\/ms\/?p=2061"},"modified":"2015-11-10T18:03:49","modified_gmt":"2015-11-10T16:03:49","slug":"spende-fuer-mittelschule-parsberg-2","status":"publish","type":"post","link":"https:\/\/mittelschule-parsberg.de\/ms\/?p=4928","title":{"rendered":"Spende f\u00fcr Mittelschule Parsberg"},"content":{"rendered":"<p><img loading=\"lazy\" decoding=\"async\" class=\"alignleft  wp-image-2062\" src=\"https:\/\/mittelschule-parsberg.de\/ms\/wp-content\/uploads\/2015\/11\/151111-Spendenuebergabe1-150x150.jpg\" alt=\"151111 Spenden\u00fcbergabe1\" width=\"90\" height=\"90\" \/>Der Kinderkleider- und Spielzeugbasar, der vor kurzem in Parsberg stattgefunden hat, war wieder ein voller Erfolg. Dar\u00fcber freuen sich nicht nur die Damen der evangelischen Mutter-Kind-Gruppe, die den Basar organisiert haben, sondern nun auch die Mittelschule Parsberg. <!--more-->Der Basar findet zweimal j\u00e4hrlich statt und die Gruppe hat beschlossen, mit dem Reinerl\u00f6s der Kaffee- und Kuchenaktion vor Ort Gutes zu tun. So konnten sie 400 Euro an Matthias Ferstl, den Schulleiter der Mittelschule \u00fcbergeben, der sich sehr \u00fcber die Spende freute. Er versprach, das Geld den Ganztagesklassen zur Verf\u00fcgung zu stellen. Die Organisatorinnen m\u00f6chten au\u00dferdem noch einmal allen Mitwirkenden auf dem Basar danken, die mit helfenden H\u00e4nden zur Verf\u00fcgung stehen. Der n\u00e4chste Basar findet am 28. Februar statt. (ucv)<\/p>\n<div id='gallery-1' class='gallery galleryid-4928 gallery-columns-1 gallery-size-thumbnail'><figure class='gallery-item'>\n\t\t\t<div class='gallery-icon landscape'>\n\t\t\t\t<a href='https:\/\/mittelschule-parsberg.de\/ms\/wp-content\/uploads\/2015\/07\/150722-Eisdiele-OGT1.jpg'><img loading=\"lazy\" decoding=\"async\" width=\"150\" height=\"150\" src=\"https:\/\/mittelschule-parsberg.de\/ms\/wp-content\/uploads\/2015\/07\/150722-Eisdiele-OGT1-150x150.jpg\" class=\"attachment-thumbnail size-thumbnail\" alt=\"\" \/><\/a>\n\t\t\t<\/div><\/figure>\n\t\t<\/div>\n\n","protected":false},"excerpt":{"rendered":"<p>Der Kinderkleider- und Spielzeugbasar, der vor kurzem in Parsberg stattgefunden hat, war wieder ein voller Erfolg. Dar\u00fcber freuen sich nicht nur die Damen der evangelischen Mutter-Kind-Gruppe, die den Basar organisiert haben, sondern nun auch die Mittelschule Parsberg.<\/p>\n","protected":false},"author":1,"featured_media":0,"comment_status":"closed","ping_status":"closed","sticky":false,"template":"","format":"standard","meta":{"footnotes":""},"categories":[1],"tags":[],"class_list":["post-4928","post","type-post","status-publish","format-standard","hentry","category-allgemein"],"_links":{"self":[{"href":"https:\/\/mittelschule-parsberg.de\/ms\/index.php?rest_route=\/wp\/v2\/posts\/4928","targetHints":{"allow":["GET"]}}],"collection":[{"href":"https:\/\/mittelschule-parsberg.de\/ms\/index.php?rest_route=\/wp\/v2\/posts"}],"about":[{"href":"https:\/\/mittelschule-parsberg.de\/ms\/index.php?rest_route=\/wp\/v2\/types\/post"}],"author":[{"embeddable":true,"href":"https:\/\/mittelschule-parsberg.de\/ms\/index.php?rest_route=\/wp\/v2\/users\/1"}],"replies":[{"embeddable":true,"href":"https:\/\/mittelschule-parsberg.de\/ms\/index.php?rest_route=%2Fwp%2Fv2%2Fcomments&post=4928"}],"version-history":[{"count":0,"href":"https:\/\/mittelschule-parsberg.de\/ms\/index.php?rest_route=\/wp\/v2\/posts\/4928\/revisions"}],"wp:attachment":[{"href":"https:\/\/mittelschule-parsberg.de\/ms\/index.php?rest_route=%2Fwp%2Fv2%2Fmedia&parent=4928"}],"wp:term":[{"taxonomy":"category","embeddable":true,"href":"https:\/\/mittelschule-parsberg.de\/ms\/index.php?rest_route=%2Fwp%2Fv2%2Fcategories&post=4928"},{"taxonomy":"post_tag","embeddable":true,"href":"https:\/\/mittelschule-parsberg.de\/ms\/index.php?rest_route=%2Fwp%2Fv2%2Ftags&post=4928"}],"curies":[{"name":"wp","href":"https:\/\/api.w.org\/{rel}","templated":true}]}}