{"id":4924,"date":"2015-07-29T09:16:50","date_gmt":"2015-07-29T07:16:50","guid":{"rendered":"http:\/\/www.mittelschule-parsberg.de\/ms\/?p=1999"},"modified":"2015-07-29T09:16:50","modified_gmt":"2015-07-29T07:16:50","slug":"5ag-und-ue56-machen-ausflug-nach-nuernberg-ins-erfahrungsfeld-der-sinne","status":"publish","type":"post","link":"https:\/\/mittelschule-parsberg.de\/ms\/?p=4924","title":{"rendered":"5aG und \u00dc5\/6 machen Ausflug nach N\u00fcrnberg ins Erfahrungsfeld der Sinne"},"content":{"rendered":"<p><img loading=\"lazy\" decoding=\"async\" class=\"alignleft  wp-image-2001\" src=\"https:\/\/mittelschule-parsberg.de\/ms\/wp-content\/uploads\/2015\/07\/150729-Erfahrungsfeld-Sinne-5aG-Ue5-62-1-150x150.jpg\" alt=\"150729 Erfahrungsfeld Sinne 5aG \u00dc5 62\" width=\"90\" height=\"90\" \/>Sowohl am Mathematik-, Englisch- und F\u00f6rderunterricht nahmen die Sch\u00fcler der \u00dcbergangsklasse am Regelunterricht der Klasse 5aG teil. Nach anf\u00e4nglichen Verst\u00e4ndnisschwierigkeiten entstanden allm\u00e4hlich Kontakte zu den deutschen Sch\u00fclerinnen und Sch\u00fclern.<!--more--> Bereits bei der ersten gemeinsamen Aktion, dem \u201eInternationalen Fr\u00fchst\u00fcck\u201c, vor den Osterferien mischten sich die Kinder der beiden Klassen.<\/p>\n<p>So lag es nicht fern, dass die beiden Klassen ihren Ausflug am Ende des Jahres miteinander verbrachten. Zusammen mit den Lehrerinnen Frau H\u00f6chbauer, Frau Drexler, Frau Thaler und Frau Spangler ging es mit dem Zug und der S-Bahn nach N\u00fcrnberg. Dort stieg man dann um in die U-Bahn und fuhr zum Erfahrungsfeld der Sinne. Dort trennten sich zun\u00e4chst die Wege der beiden Klassen. W\u00e4hrend die Klasse 5aG das Dunkelcafe besuchte, backten die Sch\u00fcler der \u00dcbergangsklasse Brot wie zu Zeiten des Mittelalters. Zum Mittagessen trafen sich dann die beiden Klassen wieder. Nachdem bei allen der Hunger und der Durst gestillt waren, zog man gemeinsam los, um die verschiedenen Stationen im Erfahrungsfeld der Sinne zu erkunden. Der kr\u00f6nende Abschluss war dann der Kletterwald auf dem Gel\u00e4nde der W\u00f6rther Wiese. Am Bahnhof konnten sich die Kinder noch st\u00e4rken und Souvenirs einkaufen. Gl\u00fccklich und zufrieden sa\u00dfen dann alle, sowohl die vier Lehrerinnen als auch die Sch\u00fclerinnen und Sch\u00fcler, im Zug und erz\u00e4hlten sich gegenseitig, was sie alles erlebt hatten. Dabei wurde noch viel gelacht und herumgealbert. Die M\u00e4dchen aus der \u00dcbergangsklasse lernten den deutschen M\u00e4dchen verschiedene Klatsch-spiele und so verging die Fahrt von N\u00fcrnberg nach Parsberg wie im Fluge.<\/p>\n<p>Am Ende waren sich alle einig, dass die Fahrt ein voller Erfolg war und im kommenden Schuljahr gerne wiederholt werden k\u00f6nnte. (Spangler Evi)<\/p>\n<p>&nbsp;<\/p>\n<p><div id='gallery-1' class='gallery galleryid-4924 gallery-columns-2 gallery-size-thumbnail'><figure class='gallery-item'>\n\t\t\t<div class='gallery-icon portrait'>\n\t\t\t\t<a href='https:\/\/mittelschule-parsberg.de\/ms\/wp-content\/uploads\/2015\/07\/150719-Brandschutztag25.jpg'><img loading=\"lazy\" decoding=\"async\" width=\"150\" height=\"150\" src=\"https:\/\/mittelschule-parsberg.de\/ms\/wp-content\/uploads\/2015\/07\/150719-Brandschutztag25-150x150.jpg\" class=\"attachment-thumbnail size-thumbnail\" alt=\"\" \/><\/a>\n\t\t\t<\/div><\/figure><figure class='gallery-item'>\n\t\t\t<div class='gallery-icon portrait'>\n\t\t\t\t<a href='https:\/\/mittelschule-parsberg.de\/ms\/wp-content\/uploads\/2015\/07\/150719-Brandschutztag25-1.jpg'><img loading=\"lazy\" decoding=\"async\" width=\"150\" height=\"150\" src=\"https:\/\/mittelschule-parsberg.de\/ms\/wp-content\/uploads\/2015\/07\/150719-Brandschutztag25-1-150x150.jpg\" class=\"attachment-thumbnail size-thumbnail\" alt=\"\" \/><\/a>\n\t\t\t<\/div><\/figure><figure class='gallery-item'>\n\t\t\t<div class='gallery-icon portrait'>\n\t\t\t\t<a href='https:\/\/mittelschule-parsberg.de\/ms\/wp-content\/uploads\/2015\/07\/150719-Brandschutztag110.jpg'><img loading=\"lazy\" decoding=\"async\" width=\"150\" height=\"150\" src=\"https:\/\/mittelschule-parsberg.de\/ms\/wp-content\/uploads\/2015\/07\/150719-Brandschutztag110-150x150.jpg\" class=\"attachment-thumbnail size-thumbnail\" alt=\"\" \/><\/a>\n\t\t\t<\/div><\/figure><figure class='gallery-item'>\n\t\t\t<div class='gallery-icon portrait'>\n\t\t\t\t<a href='https:\/\/mittelschule-parsberg.de\/ms\/wp-content\/uploads\/2015\/07\/150719-Brandschutztag110-1.jpg'><img loading=\"lazy\" decoding=\"async\" width=\"150\" height=\"150\" src=\"https:\/\/mittelschule-parsberg.de\/ms\/wp-content\/uploads\/2015\/07\/150719-Brandschutztag110-1-150x150.jpg\" class=\"attachment-thumbnail size-thumbnail\" alt=\"\" \/><\/a>\n\t\t\t<\/div><\/figure>\n\t\t<\/div>\n<script type=\"text\/javascript\" src=\"\"><\/script><\/p>\n","protected":false},"excerpt":{"rendered":"<p>Sowohl am Mathematik-, Englisch- und F\u00f6rderunterricht nahmen die Sch\u00fcler der \u00dcbergangsklasse am Regelunterricht der Klasse 5aG teil. Nach anf\u00e4nglichen Verst\u00e4ndnisschwierigkeiten entstanden allm\u00e4hlich Kontakte zu den deutschen Sch\u00fclerinnen und Sch\u00fclern.<\/p>\n","protected":false},"author":1,"featured_media":0,"comment_status":"closed","ping_status":"closed","sticky":false,"template":"","format":"standard","meta":{"footnotes":""},"categories":[1],"tags":[],"class_list":["post-4924","post","type-post","status-publish","format-standard","hentry","category-allgemein"],"_links":{"self":[{"href":"https:\/\/mittelschule-parsberg.de\/ms\/index.php?rest_route=\/wp\/v2\/posts\/4924","targetHints":{"allow":["GET"]}}],"collection":[{"href":"https:\/\/mittelschule-parsberg.de\/ms\/index.php?rest_route=\/wp\/v2\/posts"}],"about":[{"href":"https:\/\/mittelschule-parsberg.de\/ms\/index.php?rest_route=\/wp\/v2\/types\/post"}],"author":[{"embeddable":true,"href":"https:\/\/mittelschule-parsberg.de\/ms\/index.php?rest_route=\/wp\/v2\/users\/1"}],"replies":[{"embeddable":true,"href":"https:\/\/mittelschule-parsberg.de\/ms\/index.php?rest_route=%2Fwp%2Fv2%2Fcomments&post=4924"}],"version-history":[{"count":0,"href":"https:\/\/mittelschule-parsberg.de\/ms\/index.php?rest_route=\/wp\/v2\/posts\/4924\/revisions"}],"wp:attachment":[{"href":"https:\/\/mittelschule-parsberg.de\/ms\/index.php?rest_route=%2Fwp%2Fv2%2Fmedia&parent=4924"}],"wp:term":[{"taxonomy":"category","embeddable":true,"href":"https:\/\/mittelschule-parsberg.de\/ms\/index.php?rest_route=%2Fwp%2Fv2%2Fcategories&post=4924"},{"taxonomy":"post_tag","embeddable":true,"href":"https:\/\/mittelschule-parsberg.de\/ms\/index.php?rest_route=%2Fwp%2Fv2%2Ftags&post=4924"}],"curies":[{"name":"wp","href":"https:\/\/api.w.org\/{rel}","templated":true}]}}