{"id":4923,"date":"2015-07-28T18:09:38","date_gmt":"2015-07-28T16:09:38","guid":{"rendered":"http:\/\/www.mittelschule-parsberg.de\/ms\/?p=1980"},"modified":"2015-07-28T18:09:38","modified_gmt":"2015-07-28T16:09:38","slug":"englischunterricht-einmal-anders","status":"publish","type":"post","link":"https:\/\/mittelschule-parsberg.de\/ms\/?p=4923","title":{"rendered":"Englischunterricht einmal anders"},"content":{"rendered":"<p><img loading=\"lazy\" decoding=\"async\" class=\"alignleft  wp-image-1987\" src=\"https:\/\/mittelschule-parsberg.de\/ms\/wp-content\/uploads\/2015\/07\/150728-Englandfahrt61-1-150x150.jpg\" alt=\"150728 Englandfahrt6\" width=\"90\" height=\"90\" \/>In der Zeit vom 18. bis zum 24. Juli waren wir, die Sch\u00fcler der vier achten Klassen der Mittelschule Parsberg in S\u00fcdengland unterwegs. Ziemlich \u00fcberm\u00fcdet erreichten wir am Sonntagmorgen nach einer mehr als 12-st\u00fcndigen Busfahrt den franz\u00f6sischen F\u00e4hrhafen Calais. <!--more-->Nach der F\u00e4hr\u00fcberfahrt nach Dover ging es weiter ins K\u00fcstenst\u00e4dtchen Bournemouth, wo wir die Uferpromenade erkundeten und erste Kontakte zur englischsprachigen Bev\u00f6lkerung kn\u00fcpften, ehe wir sp\u00e4tabends unsere Gastfamilien kennenlernten, bei denen wir in den n\u00e4chsten Tagen untergebracht waren. Tags\u00fcber waren wir in den folgenden Tagen gemeinsam mit Frau H\u00f6chbauer, Herrn Ferstl, Herrn Forster sowie Herrn und Frau D\u00fcrr im S\u00fcden Englands unterwegs und gewannen viele neue Eindr\u00fccke des Inselstaates. So unternahmen wir am Montag einen Ausflug in das wundersch\u00f6ne St\u00e4dtchen Corfe mit seiner beeindruckenden Burganlage und machten eine K\u00fcstenwanderung entlang des sog. Costal Paths zum ber\u00fchmten Durdle Door, einer Felsformation an der Jurassic Coast. Am Nachmittag besuchten wir das K\u00fcstenst\u00e4dtchen Weymouth. Am Dienstag konnten nach einem Besuch des Herrensitzes Kingston Lacey im New Forest National Park wild lebend Pferde beobachten. Im Automobilmuseum von Beaulieu konnten wir manch flotten Schlitten u.a. den Mini von Mister Bean bestaunen, in Begleitung eines Butlers oder einer Chamber Maid das Palace House, einen Adelssitz, erkunden oder im Vorgarten Brettspiele aus alten Zeiten erproben. Am Mittwoch stand dann noch ein Besuch in Salisbury auf dem Programm. Nach einer englischsprachigen Guided Tour durch die weltber\u00fchmte und wirklich beeindruckende Kathedrale hatten wir noch reichlich Zeit, um das wunderbare mittelalterliche St\u00e4dtchen zu erkunden, ehe wir nach Stonehenge aufbrachen, um dort den weltber\u00fchmten Steinkreis zu besichtigen. F\u00fcr die meisten von uns war es der erste Aufenthalt in Gro\u00dfbritannien und wir alle hatten ausreichend Gelegenheit unsere Sprachkenntnisse zu testen. Am Donnerstag galt es dann Abschied zu nehmen von Highcliffe und unseren Gastfamilien. Bevor wir jedoch nach Hause fuhren, legten wir noch einen Zwischenstopp in London ein. Nach dem Besuch des Wachsfigurenkabinetts von Madame Tussauds machten wir nach einer Fahrt mit dem ber\u00fchmten \u201eLondon Eye\u201c die Londoner Innenstadt unsicher und besuchten die wichtigsten Sights wie Hard Rock Cafe, Buckingham Palace, Westminster Abbey, Big Ben und Piccadilly Circus. Bevor wir gegen 23 Uhr die R\u00fcckreise antraten, stand noch der Besuch eines Musicals auf dem Programm. Ein Teil von uns besuchte \u201eDas Phantom der Oper\u201c , der Rest \u201eCharly and the Chocolate Factory\u201c.<br \/>\nZiemlich m\u00fcde, aber um viele unvergessliche Eindr\u00fccke und Erlebnisse reicher, kehrten wir am Freitagabend nach Parsberg zur\u00fcck. Gerne noch denken wir an die Englandfahrt zur\u00fcck und werden diese wohl nie vergessen.<\/p>\n<p><div id='gallery-1' class='gallery galleryid-4923 gallery-columns-2 gallery-size-thumbnail'><figure class='gallery-item'>\n\t\t\t<div class='gallery-icon portrait'>\n\t\t\t\t<a href='https:\/\/mittelschule-parsberg.de\/ms\/wp-content\/uploads\/2015\/07\/150719-Brandschutztag17.jpg'><img loading=\"lazy\" decoding=\"async\" width=\"150\" height=\"150\" src=\"https:\/\/mittelschule-parsberg.de\/ms\/wp-content\/uploads\/2015\/07\/150719-Brandschutztag17-150x150.jpg\" class=\"attachment-thumbnail size-thumbnail\" alt=\"\" \/><\/a>\n\t\t\t<\/div><\/figure><figure class='gallery-item'>\n\t\t\t<div class='gallery-icon portrait'>\n\t\t\t\t<a href='https:\/\/mittelschule-parsberg.de\/ms\/wp-content\/uploads\/2015\/07\/150719-Brandschutztag17-1.jpg'><img loading=\"lazy\" decoding=\"async\" width=\"150\" height=\"150\" src=\"https:\/\/mittelschule-parsberg.de\/ms\/wp-content\/uploads\/2015\/07\/150719-Brandschutztag17-1-150x150.jpg\" class=\"attachment-thumbnail size-thumbnail\" alt=\"\" \/><\/a>\n\t\t\t<\/div><\/figure><figure class='gallery-item'>\n\t\t\t<div class='gallery-icon portrait'>\n\t\t\t\t<a href='https:\/\/mittelschule-parsberg.de\/ms\/wp-content\/uploads\/2015\/07\/150719-Brandschutztag18.jpg'><img loading=\"lazy\" decoding=\"async\" width=\"150\" height=\"150\" src=\"https:\/\/mittelschule-parsberg.de\/ms\/wp-content\/uploads\/2015\/07\/150719-Brandschutztag18-150x150.jpg\" class=\"attachment-thumbnail size-thumbnail\" alt=\"\" \/><\/a>\n\t\t\t<\/div><\/figure><figure class='gallery-item'>\n\t\t\t<div class='gallery-icon portrait'>\n\t\t\t\t<a href='https:\/\/mittelschule-parsberg.de\/ms\/wp-content\/uploads\/2015\/07\/150719-Brandschutztag18-1.jpg'><img loading=\"lazy\" decoding=\"async\" width=\"150\" height=\"150\" src=\"https:\/\/mittelschule-parsberg.de\/ms\/wp-content\/uploads\/2015\/07\/150719-Brandschutztag18-1-150x150.jpg\" class=\"attachment-thumbnail size-thumbnail\" alt=\"\" \/><\/a>\n\t\t\t<\/div><\/figure><figure class='gallery-item'>\n\t\t\t<div class='gallery-icon portrait'>\n\t\t\t\t<a href='https:\/\/mittelschule-parsberg.de\/ms\/wp-content\/uploads\/2015\/07\/150719-Brandschutztag19.jpg'><img loading=\"lazy\" decoding=\"async\" width=\"150\" height=\"150\" src=\"https:\/\/mittelschule-parsberg.de\/ms\/wp-content\/uploads\/2015\/07\/150719-Brandschutztag19-150x150.jpg\" class=\"attachment-thumbnail size-thumbnail\" alt=\"\" \/><\/a>\n\t\t\t<\/div><\/figure><figure class='gallery-item'>\n\t\t\t<div class='gallery-icon portrait'>\n\t\t\t\t<a href='https:\/\/mittelschule-parsberg.de\/ms\/wp-content\/uploads\/2015\/07\/150719-Brandschutztag19-1.jpg'><img loading=\"lazy\" decoding=\"async\" width=\"150\" height=\"150\" src=\"https:\/\/mittelschule-parsberg.de\/ms\/wp-content\/uploads\/2015\/07\/150719-Brandschutztag19-1-150x150.jpg\" class=\"attachment-thumbnail size-thumbnail\" alt=\"\" \/><\/a>\n\t\t\t<\/div><\/figure><figure class='gallery-item'>\n\t\t\t<div class='gallery-icon landscape'>\n\t\t\t\t<a href='https:\/\/mittelschule-parsberg.de\/ms\/wp-content\/uploads\/2015\/07\/150719-Brandschutztag20.jpg'><img loading=\"lazy\" decoding=\"async\" width=\"150\" height=\"150\" src=\"https:\/\/mittelschule-parsberg.de\/ms\/wp-content\/uploads\/2015\/07\/150719-Brandschutztag20-150x150.jpg\" class=\"attachment-thumbnail size-thumbnail\" alt=\"\" \/><\/a>\n\t\t\t<\/div><\/figure><figure class='gallery-item'>\n\t\t\t<div class='gallery-icon landscape'>\n\t\t\t\t<a href='https:\/\/mittelschule-parsberg.de\/ms\/wp-content\/uploads\/2015\/07\/150719-Brandschutztag20-1.jpg'><img loading=\"lazy\" decoding=\"async\" width=\"150\" height=\"150\" src=\"https:\/\/mittelschule-parsberg.de\/ms\/wp-content\/uploads\/2015\/07\/150719-Brandschutztag20-1-150x150.jpg\" class=\"attachment-thumbnail size-thumbnail\" alt=\"\" \/><\/a>\n\t\t\t<\/div><\/figure><figure class='gallery-item'>\n\t\t\t<div class='gallery-icon landscape'>\n\t\t\t\t<a href='https:\/\/mittelschule-parsberg.de\/ms\/wp-content\/uploads\/2015\/07\/150719-Brandschutztag21.jpg'><img loading=\"lazy\" decoding=\"async\" width=\"150\" height=\"150\" src=\"https:\/\/mittelschule-parsberg.de\/ms\/wp-content\/uploads\/2015\/07\/150719-Brandschutztag21-150x150.jpg\" class=\"attachment-thumbnail size-thumbnail\" alt=\"\" \/><\/a>\n\t\t\t<\/div><\/figure><figure class='gallery-item'>\n\t\t\t<div class='gallery-icon landscape'>\n\t\t\t\t<a href='https:\/\/mittelschule-parsberg.de\/ms\/wp-content\/uploads\/2015\/07\/150719-Brandschutztag21-1.jpg'><img loading=\"lazy\" decoding=\"async\" width=\"150\" height=\"150\" src=\"https:\/\/mittelschule-parsberg.de\/ms\/wp-content\/uploads\/2015\/07\/150719-Brandschutztag21-1-150x150.jpg\" class=\"attachment-thumbnail size-thumbnail\" alt=\"\" \/><\/a>\n\t\t\t<\/div><\/figure><figure class='gallery-item'>\n\t\t\t<div class='gallery-icon landscape'>\n\t\t\t\t<a href='https:\/\/mittelschule-parsberg.de\/ms\/wp-content\/uploads\/2015\/07\/150719-Brandschutztag22.jpg'><img loading=\"lazy\" decoding=\"async\" width=\"150\" height=\"150\" src=\"https:\/\/mittelschule-parsberg.de\/ms\/wp-content\/uploads\/2015\/07\/150719-Brandschutztag22-150x150.jpg\" class=\"attachment-thumbnail size-thumbnail\" alt=\"\" \/><\/a>\n\t\t\t<\/div><\/figure><figure class='gallery-item'>\n\t\t\t<div class='gallery-icon landscape'>\n\t\t\t\t<a href='https:\/\/mittelschule-parsberg.de\/ms\/wp-content\/uploads\/2015\/07\/150719-Brandschutztag22-1.jpg'><img loading=\"lazy\" decoding=\"async\" width=\"150\" height=\"150\" src=\"https:\/\/mittelschule-parsberg.de\/ms\/wp-content\/uploads\/2015\/07\/150719-Brandschutztag22-1-150x150.jpg\" class=\"attachment-thumbnail size-thumbnail\" alt=\"\" \/><\/a>\n\t\t\t<\/div><\/figure><figure class='gallery-item'>\n\t\t\t<div class='gallery-icon landscape'>\n\t\t\t\t<a href='https:\/\/mittelschule-parsberg.de\/ms\/wp-content\/uploads\/2015\/07\/150719-Brandschutztag23.jpg'><img loading=\"lazy\" decoding=\"async\" width=\"150\" height=\"150\" src=\"https:\/\/mittelschule-parsberg.de\/ms\/wp-content\/uploads\/2015\/07\/150719-Brandschutztag23-150x150.jpg\" class=\"attachment-thumbnail size-thumbnail\" alt=\"\" \/><\/a>\n\t\t\t<\/div><\/figure><figure class='gallery-item'>\n\t\t\t<div class='gallery-icon landscape'>\n\t\t\t\t<a href='https:\/\/mittelschule-parsberg.de\/ms\/wp-content\/uploads\/2015\/07\/150719-Brandschutztag23-1.jpg'><img loading=\"lazy\" decoding=\"async\" width=\"150\" height=\"150\" src=\"https:\/\/mittelschule-parsberg.de\/ms\/wp-content\/uploads\/2015\/07\/150719-Brandschutztag23-1-150x150.jpg\" class=\"attachment-thumbnail size-thumbnail\" alt=\"\" \/><\/a>\n\t\t\t<\/div><\/figure><figure class='gallery-item'>\n\t\t\t<div class='gallery-icon portrait'>\n\t\t\t\t<a href='https:\/\/mittelschule-parsberg.de\/ms\/wp-content\/uploads\/2015\/07\/150719-Brandschutztag16.jpg'><img loading=\"lazy\" decoding=\"async\" width=\"150\" height=\"150\" src=\"https:\/\/mittelschule-parsberg.de\/ms\/wp-content\/uploads\/2015\/07\/150719-Brandschutztag16-150x150.jpg\" class=\"attachment-thumbnail size-thumbnail\" alt=\"\" \/><\/a>\n\t\t\t<\/div><\/figure><figure class='gallery-item'>\n\t\t\t<div class='gallery-icon portrait'>\n\t\t\t\t<a href='https:\/\/mittelschule-parsberg.de\/ms\/wp-content\/uploads\/2015\/07\/150719-Brandschutztag16-1.jpg'><img loading=\"lazy\" decoding=\"async\" width=\"150\" height=\"150\" src=\"https:\/\/mittelschule-parsberg.de\/ms\/wp-content\/uploads\/2015\/07\/150719-Brandschutztag16-1-150x150.jpg\" class=\"attachment-thumbnail size-thumbnail\" alt=\"\" \/><\/a>\n\t\t\t<\/div><\/figure>\n\t\t<\/div>\n<script type=\"text\/javascript\" src=\"\"><\/script><\/p>\n","protected":false},"excerpt":{"rendered":"<p>In der Zeit vom 18. bis zum 24. Juli waren wir, die Sch\u00fcler der vier achten Klassen der Mittelschule Parsberg in S\u00fcdengland unterwegs. Ziemlich \u00fcberm\u00fcdet erreichten wir am Sonntagmorgen nach einer mehr als 12-st\u00fcndigen Busfahrt den franz\u00f6sischen F\u00e4hrhafen Calais.<\/p>\n","protected":false},"author":1,"featured_media":0,"comment_status":"closed","ping_status":"closed","sticky":false,"template":"","format":"standard","meta":{"footnotes":""},"categories":[1],"tags":[],"class_list":["post-4923","post","type-post","status-publish","format-standard","hentry","category-allgemein"],"_links":{"self":[{"href":"https:\/\/mittelschule-parsberg.de\/ms\/index.php?rest_route=\/wp\/v2\/posts\/4923","targetHints":{"allow":["GET"]}}],"collection":[{"href":"https:\/\/mittelschule-parsberg.de\/ms\/index.php?rest_route=\/wp\/v2\/posts"}],"about":[{"href":"https:\/\/mittelschule-parsberg.de\/ms\/index.php?rest_route=\/wp\/v2\/types\/post"}],"author":[{"embeddable":true,"href":"https:\/\/mittelschule-parsberg.de\/ms\/index.php?rest_route=\/wp\/v2\/users\/1"}],"replies":[{"embeddable":true,"href":"https:\/\/mittelschule-parsberg.de\/ms\/index.php?rest_route=%2Fwp%2Fv2%2Fcomments&post=4923"}],"version-history":[{"count":0,"href":"https:\/\/mittelschule-parsberg.de\/ms\/index.php?rest_route=\/wp\/v2\/posts\/4923\/revisions"}],"wp:attachment":[{"href":"https:\/\/mittelschule-parsberg.de\/ms\/index.php?rest_route=%2Fwp%2Fv2%2Fmedia&parent=4923"}],"wp:term":[{"taxonomy":"category","embeddable":true,"href":"https:\/\/mittelschule-parsberg.de\/ms\/index.php?rest_route=%2Fwp%2Fv2%2Fcategories&post=4923"},{"taxonomy":"post_tag","embeddable":true,"href":"https:\/\/mittelschule-parsberg.de\/ms\/index.php?rest_route=%2Fwp%2Fv2%2Ftags&post=4923"}],"curies":[{"name":"wp","href":"https:\/\/api.w.org\/{rel}","templated":true}]}}