{"id":4922,"date":"2015-07-26T11:42:45","date_gmt":"2015-07-26T09:42:45","guid":{"rendered":"http:\/\/www.mittelschule-parsberg.de\/ms\/?p=1968"},"modified":"2015-07-26T11:42:45","modified_gmt":"2015-07-26T09:42:45","slug":"abschlussfeier-der-mittelschule-parsberg","status":"publish","type":"post","link":"https:\/\/mittelschule-parsberg.de\/ms\/?p=4922","title":{"rendered":"Abschlussfeier der Mittelschule Parsberg"},"content":{"rendered":"<p><img loading=\"lazy\" decoding=\"async\" class=\"alignleft  wp-image-1977\" src=\"https:\/\/mittelschule-parsberg.de\/ms\/wp-content\/uploads\/2015\/07\/150724-Abschlussfeier9-1-150x150.jpg\" alt=\"150724 Abschlussfeier9\" width=\"89\" height=\"89\" \/>Neun Jahre Schule, bedeutet f\u00fcr viele, jede Menge Wissen und um etliche Erfahrungen reicher zu sein. Dass genau das zutrifft sp\u00fcren momentan die Abschlusssch\u00fclerinnen und \u2013sch\u00fcler der Mittelschule Parsberg. Schulleiter Matthias Ferstl freute sich zusammen mit den beiden Klassenleiterinnen Beate Schindler-Kiesl und Birgit Signer die diesj\u00e4hrigen Neuntkl\u00e4ssler aus ihrer Schule zu entlassen.<!--more--> 43 Sch\u00fclerinnen und Sch\u00fcler waren in zwei Klassen aufgeteilt, eine davon die erste Ganztagesklasse an der Schule, die die Sch\u00fcler erfolgreich zum Mittelschulabschluss oder dem Qualifizierten Mittelschulabschluss gef\u00fchrt hat. Alle Sch\u00fcler haben einen bzw. sogar\u00a0 beide Abschl\u00fcsse in der Tasche. Die 43 M\u00e4dchen und Jungs sind von Kindern zu\u00a0 jungen Erwachsenen herangereift und d\u00fcrfen nun den Schritt in einen v\u00f6llig neuen Lebensabschnitt wagen. Schulleiter Ferstl bezeichnete den Tag der Zeugnis\u00fcbergabe als \u201eTag der Ernte\u201c, denn alles Geleistete fand seinen Abschluss und mit dem Zeugnis auch seine W\u00fcrdigung. Er w\u00fcnschte seinen Sch\u00fclern, dass sie \u201eRaum finden f\u00fcr neugieriges Ausprobieren, aber auch f\u00fcr Scheitern und einen mutigen Neubeginn.\u201c\u00a0\u00a0 Dem schloss sich auch B\u00fcrgermeister Josef Bauer an, der zugleich Schulverbandsvorsitzender ist. Er lobte die Arbeit der ganzen Schulfamilie, die sich neun Jahre lang um das Wohl und die Ausbildung der Jugendlichen gek\u00fcmmert hat. Zudem dankte er auch den Eltern f\u00fcr das Durchhalteverm\u00f6gen, auch wenn es nicht immer leicht ist. Den Entlasssch\u00fclern versprach der B\u00fcrgermeister: \u201eIhr startet jetzt in ein neues Leben, aber ich kann euch beruhigen, jeder bekommt seine Chance und daf\u00fcr haben wir hier bei uns tolle M\u00f6glichkeiten, dass jeder seinen Weg finden wird.\u201c Die Elternbeiratsvorsitzende Silke Siewert gab den Sch\u00fclern ebenfalls die besten W\u00fcnsche mit auf den Weg in die Zukunft, doch dankte sie im Namen der Eltern auch dem Lehrerkollegium, das sich teilweise \u00fcber das \u00fcbliche Ma\u00df hinaus um gute Lehr- und Lernbedingungen sorgt, so dass ein Schulklima wachsen konnte, in dem sich alle angenommen f\u00fchlen und sich weiter entwickeln konnten.\u00a0 Dies best\u00e4tigten auch die Sch\u00fcler. Stellvertretend f\u00fcr die Klasse 9aG blickten Johannes Brock, Markus Engl, Jonas Zollbrecht, Jason Reindl, Juliana Sarasty V\u00e8lez und Julia Riepl mit einem Poetry Slam auf die vergangenen neun Schuljahre zur\u00fcck. F\u00fcr die Klasse 9b dankte Sabrina K\u00fcmmert ihren Lehrern. Mit einem weinenden und einem lachenden Auge verabschiedeten auch die Klassenleiterinnen Beate Schindler-Kiesl und Birgit Signer ihre Sch\u00fcler. Sie begleiteten die Klassen seit mindestens drei Jahren und haben einiges mit ihnen erlebt. Beate Schindler-Kiesl appellierte, dass sich die Sch\u00fcler die Freude bewahren sollen. Die Freude dar\u00fcber, dass die Schulzeit nun vorbei ist, der Abschluss geschafft ist und eine Lehrstelle warten. \u201eBewahrt euch diese Freude. Denn mit ihr \u00fcberwindet ihr so manche H\u00fcrden im Leben, wird Unm\u00f6gliches m\u00f6glich und erreicht ihr euer neues Ziel. Ich w\u00fcnsche euch ganz viel Gl\u00fcck und viel Freude \u00fcber die kleinen und gro\u00dfen Dinge im Leben, dann k\u00f6nnt ihr auch die gro\u00dfen Dinge mit Begeisterung gehen und all eure Ziele erreichen!\u201c Birgit Signer fing zu rechnen an und erntete ungl\u00e4ubige Gesichter, als sie ihren Sch\u00fclern mitteilte, dass sie insgesamt 3229 mal aufgestanden sind um in die Schule zu gehen. Das waren 4 649 760 Minuten. Sie fand auch knappe kritische Worte und verglich die Sch\u00fcler mit einer alten Armbanduhr, die man stets aufziehen muss, damit sie nicht stehen blieb. Gerade im letzten Schuljahr mussten einige immer wieder aufgezogen werden, sei es von den Eltern oder den Lehrern. Da war f\u00fcr Herrn Pythagoras kein Platz mehr. Umso mehr freute sie sich dann aber, dass alle Sch\u00fcler die Mittelschule erfolgreich abgeschlossen haben. \u201eEin Ergebnis auf das man stolz sein kann.\u201c, so die Lehrerin.\u00a0 Sie gab den Sch\u00fclern noch wichtige Werte\u00a0 wie Mut, Verantwortungsbewusstsein, Zielstrebigkeit, Disziplin und Respekt mit auf den Weg. \u00a0Am Ende gab es die sehnlich erwarteten Zeugnisse. Birgit Signer, Beate Schindler-Kiesl und Schulleiter Matthias Ferstl freuten sich au\u00dferdem noch die erfolgreichsten Sch\u00fcler auszeichnen zu d\u00fcrfen. Beste Absolventin ist Victoria Williams aus Lupburg. Zweitbester Abschlusssch\u00fcler ist Felix Brettner aus Beratzhausen und auf Platz drei der Schulbesten ist Johannes Brock aus Lupburg.<\/p>\n<p>F\u00fcr die musikalischen Darbietungen sorgten Sophie Zeitler (Akkordeon), Adina Keilberth (Violoncello) und Lisa Kiesl (Violine). Mit Tanzeinlagen begeisterten die M\u00e4dchen aus den Klassen 6aG, 6b und 7b. Um die Technik k\u00fcmmerten sich Martin Sturm und Patrick Lamm mit Unterst\u00fctzung von Egbert Sommerfeld.<\/p>\n<p>Auf dem Foto sind die drei Schulbesten zu sehen,\u00a0 zusammen mit den Klassenleiterinnen Beate Schindler-Kiesl und Birgit Signer, sowie Schulleiter Matthias Ferstl und die B\u00fcrgermeister des Schulverbandes (Josef Bauer-Parsberg, Konrad Meyer-Beratzhausen, Bernhard Graf &#8211; Hohenfels, Gerog Mirbeth \u2013 als weiterer B\u00fcrgermeister f\u00fcr den Markt Lupburg). (Christiane Vatter-Wittl)<\/p>\n<p><div id='gallery-1' class='gallery galleryid-4922 gallery-columns-2 gallery-size-thumbnail'><figure class='gallery-item'>\n\t\t\t<div class='gallery-icon landscape'>\n\t\t\t\t<a href='https:\/\/mittelschule-parsberg.de\/ms\/wp-content\/uploads\/2015\/07\/150719-Brandschutztag13-1.jpg'><img loading=\"lazy\" decoding=\"async\" width=\"150\" height=\"150\" src=\"https:\/\/mittelschule-parsberg.de\/ms\/wp-content\/uploads\/2015\/07\/150719-Brandschutztag13-1-150x150.jpg\" class=\"attachment-thumbnail size-thumbnail\" alt=\"\" \/><\/a>\n\t\t\t<\/div><\/figure><figure class='gallery-item'>\n\t\t\t<div class='gallery-icon landscape'>\n\t\t\t\t<a href='https:\/\/mittelschule-parsberg.de\/ms\/wp-content\/uploads\/2015\/07\/150719-Brandschutztag9-1.jpg'><img loading=\"lazy\" decoding=\"async\" width=\"150\" height=\"150\" src=\"https:\/\/mittelschule-parsberg.de\/ms\/wp-content\/uploads\/2015\/07\/150719-Brandschutztag9-1-150x150.jpg\" class=\"attachment-thumbnail size-thumbnail\" alt=\"\" \/><\/a>\n\t\t\t<\/div><\/figure><figure class='gallery-item'>\n\t\t\t<div class='gallery-icon portrait'>\n\t\t\t\t<a href='https:\/\/mittelschule-parsberg.de\/ms\/wp-content\/uploads\/2015\/07\/150719-Brandschutztag12.jpg'><img loading=\"lazy\" decoding=\"async\" width=\"150\" height=\"150\" src=\"https:\/\/mittelschule-parsberg.de\/ms\/wp-content\/uploads\/2015\/07\/150719-Brandschutztag12-150x150.jpg\" class=\"attachment-thumbnail size-thumbnail\" alt=\"\" \/><\/a>\n\t\t\t<\/div><\/figure><figure class='gallery-item'>\n\t\t\t<div class='gallery-icon portrait'>\n\t\t\t\t<a href='https:\/\/mittelschule-parsberg.de\/ms\/wp-content\/uploads\/2015\/07\/150719-Brandschutztag10-1.jpg'><img loading=\"lazy\" decoding=\"async\" width=\"150\" height=\"150\" src=\"https:\/\/mittelschule-parsberg.de\/ms\/wp-content\/uploads\/2015\/07\/150719-Brandschutztag10-1-150x150.jpg\" class=\"attachment-thumbnail size-thumbnail\" alt=\"\" \/><\/a>\n\t\t\t<\/div><\/figure><figure class='gallery-item'>\n\t\t\t<div class='gallery-icon portrait'>\n\t\t\t\t<a href='https:\/\/mittelschule-parsberg.de\/ms\/wp-content\/uploads\/2015\/07\/150719-Brandschutztag11.jpg'><img loading=\"lazy\" decoding=\"async\" width=\"150\" height=\"150\" src=\"https:\/\/mittelschule-parsberg.de\/ms\/wp-content\/uploads\/2015\/07\/150719-Brandschutztag11-150x150.jpg\" class=\"attachment-thumbnail size-thumbnail\" alt=\"\" \/><\/a>\n\t\t\t<\/div><\/figure><figure class='gallery-item'>\n\t\t\t<div class='gallery-icon portrait'>\n\t\t\t\t<a href='https:\/\/mittelschule-parsberg.de\/ms\/wp-content\/uploads\/2015\/07\/150719-Brandschutztag11-1.jpg'><img loading=\"lazy\" decoding=\"async\" width=\"150\" height=\"150\" src=\"https:\/\/mittelschule-parsberg.de\/ms\/wp-content\/uploads\/2015\/07\/150719-Brandschutztag11-1-150x150.jpg\" class=\"attachment-thumbnail size-thumbnail\" alt=\"\" \/><\/a>\n\t\t\t<\/div><\/figure><figure class='gallery-item'>\n\t\t\t<div class='gallery-icon portrait'>\n\t\t\t\t<a href='https:\/\/mittelschule-parsberg.de\/ms\/wp-content\/uploads\/2015\/07\/150719-Brandschutztag12-1.jpg'><img loading=\"lazy\" decoding=\"async\" width=\"150\" height=\"150\" src=\"https:\/\/mittelschule-parsberg.de\/ms\/wp-content\/uploads\/2015\/07\/150719-Brandschutztag12-1-150x150.jpg\" class=\"attachment-thumbnail size-thumbnail\" alt=\"\" \/><\/a>\n\t\t\t<\/div><\/figure><figure class='gallery-item'>\n\t\t\t<div class='gallery-icon landscape'>\n\t\t\t\t<a href='https:\/\/mittelschule-parsberg.de\/ms\/wp-content\/uploads\/2015\/07\/150719-Brandschutztag13.jpg'><img loading=\"lazy\" decoding=\"async\" width=\"150\" height=\"150\" src=\"https:\/\/mittelschule-parsberg.de\/ms\/wp-content\/uploads\/2015\/07\/150719-Brandschutztag13-150x150.jpg\" class=\"attachment-thumbnail size-thumbnail\" alt=\"\" \/><\/a>\n\t\t\t<\/div><\/figure><figure class='gallery-item'>\n\t\t\t<div class='gallery-icon portrait'>\n\t\t\t\t<a href='https:\/\/mittelschule-parsberg.de\/ms\/wp-content\/uploads\/2015\/07\/150719-Brandschutztag10.jpg'><img loading=\"lazy\" decoding=\"async\" width=\"150\" height=\"150\" src=\"https:\/\/mittelschule-parsberg.de\/ms\/wp-content\/uploads\/2015\/07\/150719-Brandschutztag10-150x150.jpg\" class=\"attachment-thumbnail size-thumbnail\" alt=\"\" \/><\/a>\n\t\t\t<\/div><\/figure>\n\t\t<\/div>\n<script type=\"text\/javascript\" src=\"\"><\/script><\/p>\n","protected":false},"excerpt":{"rendered":"<p>Neun Jahre Schule, bedeutet f\u00fcr viele, jede Menge Wissen und um etliche Erfahrungen reicher zu sein. Dass genau das zutrifft sp\u00fcren momentan die Abschlusssch\u00fclerinnen und \u2013sch\u00fcler der Mittelschule Parsberg. Schulleiter Matthias Ferstl freute sich zusammen mit den beiden Klassenleiterinnen Beate Schindler-Kiesl und Birgit Signer die diesj\u00e4hrigen Neuntkl\u00e4ssler aus ihrer Schule&hellip; <\/p>\n","protected":false},"author":1,"featured_media":0,"comment_status":"closed","ping_status":"closed","sticky":false,"template":"","format":"standard","meta":{"footnotes":""},"categories":[1],"tags":[],"class_list":["post-4922","post","type-post","status-publish","format-standard","hentry","category-allgemein"],"_links":{"self":[{"href":"https:\/\/mittelschule-parsberg.de\/ms\/index.php?rest_route=\/wp\/v2\/posts\/4922","targetHints":{"allow":["GET"]}}],"collection":[{"href":"https:\/\/mittelschule-parsberg.de\/ms\/index.php?rest_route=\/wp\/v2\/posts"}],"about":[{"href":"https:\/\/mittelschule-parsberg.de\/ms\/index.php?rest_route=\/wp\/v2\/types\/post"}],"author":[{"embeddable":true,"href":"https:\/\/mittelschule-parsberg.de\/ms\/index.php?rest_route=\/wp\/v2\/users\/1"}],"replies":[{"embeddable":true,"href":"https:\/\/mittelschule-parsberg.de\/ms\/index.php?rest_route=%2Fwp%2Fv2%2Fcomments&post=4922"}],"version-history":[{"count":0,"href":"https:\/\/mittelschule-parsberg.de\/ms\/index.php?rest_route=\/wp\/v2\/posts\/4922\/revisions"}],"wp:attachment":[{"href":"https:\/\/mittelschule-parsberg.de\/ms\/index.php?rest_route=%2Fwp%2Fv2%2Fmedia&parent=4922"}],"wp:term":[{"taxonomy":"category","embeddable":true,"href":"https:\/\/mittelschule-parsberg.de\/ms\/index.php?rest_route=%2Fwp%2Fv2%2Fcategories&post=4922"},{"taxonomy":"post_tag","embeddable":true,"href":"https:\/\/mittelschule-parsberg.de\/ms\/index.php?rest_route=%2Fwp%2Fv2%2Ftags&post=4922"}],"curies":[{"name":"wp","href":"https:\/\/api.w.org\/{rel}","templated":true}]}}