{"id":4916,"date":"2015-07-15T17:14:05","date_gmt":"2015-07-15T15:14:05","guid":{"rendered":"http:\/\/www.mittelschule-parsberg.de\/ms\/?p=1845"},"modified":"2015-07-15T17:14:05","modified_gmt":"2015-07-15T15:14:05","slug":"nachhaltigkeitswoche-findet-in-parsberg-grossen-anklang","status":"publish","type":"post","link":"https:\/\/mittelschule-parsberg.de\/ms\/?p=4916","title":{"rendered":"Nachhaltigkeitswoche findet in Parsberg gro\u00dfen Anklang"},"content":{"rendered":"<p><img loading=\"lazy\" decoding=\"async\" class=\"alignleft  wp-image-1846\" src=\"https:\/\/mittelschule-parsberg.de\/ms\/wp-content\/uploads\/2015\/07\/150714-Uebergabe-Rewe-Bilder-Wald-hp-1-150x150.jpg\" alt=\"150714 \u00dcbergabe Rewe Bilder Wald hp\" width=\"90\" height=\"90\" \/>Der Wald ist in diesem Jahr ein gro\u00dfes Thema an der Mittelschule Parsberg. Durchg\u00e4ngig zieht sich das Projekt Schulwald durch das Schuljahr und wird auch die n\u00e4chsten Jahre noch ausgebaut. Die Sch\u00fclerInnen und Sch\u00fcler wollen aber nicht nur den Wald in Parsberg sch\u00fctzen, sondern streben auch hinaus in die Welt.<!--more--> So haben nun etliche Klassen von der f\u00fcnften bis zur achten Jahrgangsstufe bei der aktuellen REWE Nachhaltigkeitsaktion \u201eWir sch\u00fctzen unsere W\u00e4lder\u201c mitgemacht. Lehrerin Christiane Vatter-Wittl las in einem Handzettel von der Aktion und trug diese in die Schule. Die Sch\u00fcler durften zum einen ihr sch\u00f6nstes Walderlebnis malen, oder eine von sechs Vorlagen ausmalen, die heimische Tiere des Waldes zeigten. Die Aktion kam so gut bei den Jugendlichen an, dass sie gar nicht mehr aufh\u00f6ren wollten zu malen. So kamen am Ende 124 Bilder zusammen. Anna-Lena Leikam, Laura Siewert, Irena Frohnauer und Michael Ferstl freuten sich, die Bilder stellvertretend f\u00fcr die ganze Schule an Markus R\u00f6del, den Filialleiter des REWE Marktes Parsberg \u00fcbergeben zu k\u00f6nnen. Das besondere an der Aktion: die Firma spendet f\u00fcr jedes abgegebene Bild einen Quadratmeter Wald an den NABU. So haben die Mittelsch\u00fcler mit ihren Bildern gleichzeitig 124 Quadratmeter Wald gespendet. Als Dankesch\u00f6n f\u00fcr die gro\u00dfartige Beteiligung \u00fcbergab R\u00f6del den Sch\u00fclern einen gro\u00dfen Einkaufswagen voller Bio-Obst. Dieses wurde in der Schule zu einem leckeren Obstsalat verarbeitet und kostenlos an alle Sch\u00fcler und Lehrer der Schule verteilt. (von Christiane Vatter-Wittl)<\/p>\n<p><div id='gallery-1' class='gallery galleryid-4916 gallery-columns-1 gallery-size-thumbnail'><figure class='gallery-item'>\n\t\t\t<div class='gallery-icon landscape'>\n\t\t\t\t<a href='https:\/\/mittelschule-parsberg.de\/ms\/wp-content\/uploads\/2015\/04\/150429BesuchMuelldeponie3-1.jpg'><img loading=\"lazy\" decoding=\"async\" width=\"150\" height=\"150\" src=\"https:\/\/mittelschule-parsberg.de\/ms\/wp-content\/uploads\/2015\/04\/150429BesuchMuelldeponie3-1-150x150.jpg\" class=\"attachment-thumbnail size-thumbnail\" alt=\"\" \/><\/a>\n\t\t\t<\/div><\/figure>\n\t\t<\/div>\n<script type=\"text\/javascript\" src=\"\"><\/script><\/p>\n","protected":false},"excerpt":{"rendered":"<p>Der Wald ist in diesem Jahr ein gro\u00dfes Thema an der Mittelschule Parsberg. Durchg\u00e4ngig zieht sich das Projekt Schulwald durch das Schuljahr und wird auch die n\u00e4chsten Jahre noch ausgebaut. Die Sch\u00fclerInnen und Sch\u00fcler wollen aber nicht nur den Wald in Parsberg sch\u00fctzen, sondern streben auch hinaus in die Welt.<\/p>\n","protected":false},"author":1,"featured_media":0,"comment_status":"closed","ping_status":"closed","sticky":false,"template":"","format":"standard","meta":{"footnotes":""},"categories":[1],"tags":[],"class_list":["post-4916","post","type-post","status-publish","format-standard","hentry","category-allgemein"],"_links":{"self":[{"href":"https:\/\/mittelschule-parsberg.de\/ms\/index.php?rest_route=\/wp\/v2\/posts\/4916","targetHints":{"allow":["GET"]}}],"collection":[{"href":"https:\/\/mittelschule-parsberg.de\/ms\/index.php?rest_route=\/wp\/v2\/posts"}],"about":[{"href":"https:\/\/mittelschule-parsberg.de\/ms\/index.php?rest_route=\/wp\/v2\/types\/post"}],"author":[{"embeddable":true,"href":"https:\/\/mittelschule-parsberg.de\/ms\/index.php?rest_route=\/wp\/v2\/users\/1"}],"replies":[{"embeddable":true,"href":"https:\/\/mittelschule-parsberg.de\/ms\/index.php?rest_route=%2Fwp%2Fv2%2Fcomments&post=4916"}],"version-history":[{"count":0,"href":"https:\/\/mittelschule-parsberg.de\/ms\/index.php?rest_route=\/wp\/v2\/posts\/4916\/revisions"}],"wp:attachment":[{"href":"https:\/\/mittelschule-parsberg.de\/ms\/index.php?rest_route=%2Fwp%2Fv2%2Fmedia&parent=4916"}],"wp:term":[{"taxonomy":"category","embeddable":true,"href":"https:\/\/mittelschule-parsberg.de\/ms\/index.php?rest_route=%2Fwp%2Fv2%2Fcategories&post=4916"},{"taxonomy":"post_tag","embeddable":true,"href":"https:\/\/mittelschule-parsberg.de\/ms\/index.php?rest_route=%2Fwp%2Fv2%2Ftags&post=4916"}],"curies":[{"name":"wp","href":"https:\/\/api.w.org\/{rel}","templated":true}]}}