{"id":4915,"date":"2015-06-21T11:03:54","date_gmt":"2015-06-21T09:03:54","guid":{"rendered":"http:\/\/www.mittelschule-parsberg.de\/ms\/?p=1836"},"modified":"2015-06-21T11:03:54","modified_gmt":"2015-06-21T09:03:54","slug":"nuernberg-und-der-nationalsozialismus","status":"publish","type":"post","link":"https:\/\/mittelschule-parsberg.de\/ms\/?p=4915","title":{"rendered":"N\u00fcrnberg und der Nationalsozialismus"},"content":{"rendered":"<p><img loading=\"lazy\" decoding=\"async\" class=\"alignleft  wp-image-1840\" src=\"https:\/\/mittelschule-parsberg.de\/ms\/wp-content\/uploads\/2015\/06\/150616-Reichsparteitagsgelaende-Nuernberg-8aG8b4-1-150x150.jpg\" alt=\"150616 Reichsparteitagsgel\u00e4nde N\u00fcrnberg 8aG8b4\" width=\"90\" height=\"90\" \/>Die Klassen 8aG und 8b machten einen Rundgang durch das Reichsparteitagsgel\u00e4nde in N\u00fcrnberg und erlebten hautnah, wie N\u00fcrnberg Schritt f\u00fcr Schritt zu einem Zentrum des Nationalsozialismus ausgebaut werden sollte. <!--more-->Aber auch das Synagogendenkmal und die Stra\u00dfe der Menschenrechte waren Ziele des mal etwas anderen Geschichtsunterrichts.<\/p>\n<p><div id='gallery-1' class='gallery galleryid-4915 gallery-columns-2 gallery-size-thumbnail'><figure class='gallery-item'>\n\t\t\t<div class='gallery-icon landscape'>\n\t\t\t\t<a href='https:\/\/mittelschule-parsberg.de\/ms\/wp-content\/uploads\/2015\/04\/150326KochenUe5_64.jpg'><img loading=\"lazy\" decoding=\"async\" width=\"150\" height=\"150\" src=\"https:\/\/mittelschule-parsberg.de\/ms\/wp-content\/uploads\/2015\/04\/150326KochenUe5_64-150x150.jpg\" class=\"attachment-thumbnail size-thumbnail\" alt=\"\" \/><\/a>\n\t\t\t<\/div><\/figure><figure class='gallery-item'>\n\t\t\t<div class='gallery-icon landscape'>\n\t\t\t\t<a href='https:\/\/mittelschule-parsberg.de\/ms\/wp-content\/uploads\/2015\/04\/150326KochenUe5_64-1.jpg'><img loading=\"lazy\" decoding=\"async\" width=\"150\" height=\"150\" src=\"https:\/\/mittelschule-parsberg.de\/ms\/wp-content\/uploads\/2015\/04\/150326KochenUe5_64-1-150x150.jpg\" class=\"attachment-thumbnail size-thumbnail\" alt=\"\" \/><\/a>\n\t\t\t<\/div><\/figure>\n\t\t<\/div>\n<script type=\"text\/javascript\" src=\"\"><\/script><\/p>\n","protected":false},"excerpt":{"rendered":"<p>Die Klassen 8aG und 8b machten einen Rundgang durch das Reichsparteitagsgel\u00e4nde in N\u00fcrnberg und erlebten hautnah, wie N\u00fcrnberg Schritt f\u00fcr Schritt zu einem Zentrum des Nationalsozialismus ausgebaut werden sollte.<\/p>\n","protected":false},"author":1,"featured_media":0,"comment_status":"closed","ping_status":"closed","sticky":false,"template":"","format":"standard","meta":{"footnotes":""},"categories":[1],"tags":[],"class_list":["post-4915","post","type-post","status-publish","format-standard","hentry","category-allgemein"],"_links":{"self":[{"href":"https:\/\/mittelschule-parsberg.de\/ms\/index.php?rest_route=\/wp\/v2\/posts\/4915","targetHints":{"allow":["GET"]}}],"collection":[{"href":"https:\/\/mittelschule-parsberg.de\/ms\/index.php?rest_route=\/wp\/v2\/posts"}],"about":[{"href":"https:\/\/mittelschule-parsberg.de\/ms\/index.php?rest_route=\/wp\/v2\/types\/post"}],"author":[{"embeddable":true,"href":"https:\/\/mittelschule-parsberg.de\/ms\/index.php?rest_route=\/wp\/v2\/users\/1"}],"replies":[{"embeddable":true,"href":"https:\/\/mittelschule-parsberg.de\/ms\/index.php?rest_route=%2Fwp%2Fv2%2Fcomments&post=4915"}],"version-history":[{"count":0,"href":"https:\/\/mittelschule-parsberg.de\/ms\/index.php?rest_route=\/wp\/v2\/posts\/4915\/revisions"}],"wp:attachment":[{"href":"https:\/\/mittelschule-parsberg.de\/ms\/index.php?rest_route=%2Fwp%2Fv2%2Fmedia&parent=4915"}],"wp:term":[{"taxonomy":"category","embeddable":true,"href":"https:\/\/mittelschule-parsberg.de\/ms\/index.php?rest_route=%2Fwp%2Fv2%2Fcategories&post=4915"},{"taxonomy":"post_tag","embeddable":true,"href":"https:\/\/mittelschule-parsberg.de\/ms\/index.php?rest_route=%2Fwp%2Fv2%2Ftags&post=4915"}],"curies":[{"name":"wp","href":"https:\/\/api.w.org\/{rel}","templated":true}]}}