{"id":4914,"date":"2015-05-31T19:26:13","date_gmt":"2015-05-31T17:26:13","guid":{"rendered":"http:\/\/www.mittelschule-parsberg.de\/ms\/?p=1816"},"modified":"2015-05-31T19:26:13","modified_gmt":"2015-05-31T17:26:13","slug":"tuerkisch-kochen-in-der-ue-56","status":"publish","type":"post","link":"https:\/\/mittelschule-parsberg.de\/ms\/?p=4914","title":{"rendered":"T\u00fcrkisch Kochen in der \u00dc 5\/6"},"content":{"rendered":"<p><img loading=\"lazy\" decoding=\"async\" class=\"alignleft  wp-image-1817\" src=\"https:\/\/mittelschule-parsberg.de\/ms\/wp-content\/uploads\/2015\/05\/150531-Tuerkisch-kochen-Boerek1-150x150.jpg\" alt=\"150531 T\u00fcrkisch kochen B\u00f6rek1\" width=\"90\" height=\"90\" \/>In der \u00dcbergangsklasse \u00dc 5\/6 wird munter weiter gekocht. Zusammen mit Aysenurs Mutter wurde t\u00fcrkisch gekocht. Auf dem Speiseplan stand \u201eB\u00f6rek\u201c. Das sind gef\u00fcllte Teigtaschen, die dann in hei\u00dfem Fett heraus gebacken werden. <!--more-->Je nach Geschmack k\u00f6nnen die Teigtaschen gef\u00fcllt werden. Frau Kaplan, Aysenurs Mutter, brachte eine vegetarische F\u00fcllung mit, u. z. zerkr\u00fcmmelter K\u00e4se gemischt mit Kr\u00e4utern, Salz und Paprikapulver. Die dreieckigen Teigtaschen wurden mit dieser F\u00fcllung bestrichen, gerollt und frittiert. Dazu gab es t\u00fcrkischen Tee. Die frittierten R\u00f6llchen ist man mit der Hand. \u201cB\u00f6rek\u201c-R\u00f6llchen geh\u00f6ren demnach zu den Gerichten aus dem Bereich \u201eFingerfood\u201c. Zum Bedauern der Sch\u00fcler blieben keine Teigrollen \u00fcbrig, die man als \u201eMitbringsel\u201c mit nach Hause nehmen h\u00e4tte k\u00f6nnen. Herr Ferstl, Herr D\u00fcrr und Frau Feuerer, unsere geladenen G\u00e4ste, waren ebenfalls begeistert und richteten viele lobende Worte an die K\u00f6chin und die Helfer und Helferinnen.<\/p>\n<p><div id='gallery-1' class='gallery galleryid-4914 gallery-columns-2 gallery-size-thumbnail'><figure class='gallery-item'>\n\t\t\t<div class='gallery-icon landscape'>\n\t\t\t\t<a href='https:\/\/mittelschule-parsberg.de\/ms\/wp-content\/uploads\/2015\/04\/150326InternationalesFruehstueckUe5_6b1.jpg'><img loading=\"lazy\" decoding=\"async\" width=\"150\" height=\"150\" src=\"https:\/\/mittelschule-parsberg.de\/ms\/wp-content\/uploads\/2015\/04\/150326InternationalesFruehstueckUe5_6b1-150x150.jpg\" class=\"attachment-thumbnail size-thumbnail\" alt=\"\" \/><\/a>\n\t\t\t<\/div><\/figure><figure class='gallery-item'>\n\t\t\t<div class='gallery-icon landscape'>\n\t\t\t\t<a href='https:\/\/mittelschule-parsberg.de\/ms\/wp-content\/uploads\/2015\/04\/150326InternationalesFruehstueckUe5_6b1-1.jpg'><img loading=\"lazy\" decoding=\"async\" width=\"150\" height=\"150\" src=\"https:\/\/mittelschule-parsberg.de\/ms\/wp-content\/uploads\/2015\/04\/150326InternationalesFruehstueckUe5_6b1-1-150x150.jpg\" class=\"attachment-thumbnail size-thumbnail\" alt=\"\" \/><\/a>\n\t\t\t<\/div><\/figure><figure class='gallery-item'>\n\t\t\t<div class='gallery-icon landscape'>\n\t\t\t\t<a href='https:\/\/mittelschule-parsberg.de\/ms\/wp-content\/uploads\/2015\/04\/150326InternationalesFruehstueckUe5_6b2.jpg'><img loading=\"lazy\" decoding=\"async\" width=\"150\" height=\"150\" src=\"https:\/\/mittelschule-parsberg.de\/ms\/wp-content\/uploads\/2015\/04\/150326InternationalesFruehstueckUe5_6b2-150x150.jpg\" class=\"attachment-thumbnail size-thumbnail\" alt=\"\" \/><\/a>\n\t\t\t<\/div><\/figure><figure class='gallery-item'>\n\t\t\t<div class='gallery-icon landscape'>\n\t\t\t\t<a href='https:\/\/mittelschule-parsberg.de\/ms\/wp-content\/uploads\/2015\/04\/150326InternationalesFruehstueckUe5_6b2-1.jpg'><img loading=\"lazy\" decoding=\"async\" width=\"150\" height=\"150\" src=\"https:\/\/mittelschule-parsberg.de\/ms\/wp-content\/uploads\/2015\/04\/150326InternationalesFruehstueckUe5_6b2-1-150x150.jpg\" class=\"attachment-thumbnail size-thumbnail\" alt=\"\" \/><\/a>\n\t\t\t<\/div><\/figure><figure class='gallery-item'>\n\t\t\t<div class='gallery-icon landscape'>\n\t\t\t\t<a href='https:\/\/mittelschule-parsberg.de\/ms\/wp-content\/uploads\/2015\/04\/150326InternationalesFruehstueckUe5_6b3.jpg'><img loading=\"lazy\" decoding=\"async\" width=\"150\" height=\"150\" src=\"https:\/\/mittelschule-parsberg.de\/ms\/wp-content\/uploads\/2015\/04\/150326InternationalesFruehstueckUe5_6b3-150x150.jpg\" class=\"attachment-thumbnail size-thumbnail\" alt=\"\" \/><\/a>\n\t\t\t<\/div><\/figure>\n\t\t<\/div>\n<script type=\"text\/javascript\" src=\"\"><\/script><\/p>\n","protected":false},"excerpt":{"rendered":"<p>In der \u00dcbergangsklasse \u00dc 5\/6 wird munter weiter gekocht. Zusammen mit Aysenurs Mutter wurde t\u00fcrkisch gekocht. Auf dem Speiseplan stand \u201eB\u00f6rek\u201c. Das sind gef\u00fcllte Teigtaschen, die dann in hei\u00dfem Fett heraus gebacken werden.<\/p>\n","protected":false},"author":1,"featured_media":0,"comment_status":"closed","ping_status":"closed","sticky":false,"template":"","format":"standard","meta":{"footnotes":""},"categories":[1],"tags":[],"class_list":["post-4914","post","type-post","status-publish","format-standard","hentry","category-allgemein"],"_links":{"self":[{"href":"https:\/\/mittelschule-parsberg.de\/ms\/index.php?rest_route=\/wp\/v2\/posts\/4914","targetHints":{"allow":["GET"]}}],"collection":[{"href":"https:\/\/mittelschule-parsberg.de\/ms\/index.php?rest_route=\/wp\/v2\/posts"}],"about":[{"href":"https:\/\/mittelschule-parsberg.de\/ms\/index.php?rest_route=\/wp\/v2\/types\/post"}],"author":[{"embeddable":true,"href":"https:\/\/mittelschule-parsberg.de\/ms\/index.php?rest_route=\/wp\/v2\/users\/1"}],"replies":[{"embeddable":true,"href":"https:\/\/mittelschule-parsberg.de\/ms\/index.php?rest_route=%2Fwp%2Fv2%2Fcomments&post=4914"}],"version-history":[{"count":0,"href":"https:\/\/mittelschule-parsberg.de\/ms\/index.php?rest_route=\/wp\/v2\/posts\/4914\/revisions"}],"wp:attachment":[{"href":"https:\/\/mittelschule-parsberg.de\/ms\/index.php?rest_route=%2Fwp%2Fv2%2Fmedia&parent=4914"}],"wp:term":[{"taxonomy":"category","embeddable":true,"href":"https:\/\/mittelschule-parsberg.de\/ms\/index.php?rest_route=%2Fwp%2Fv2%2Fcategories&post=4914"},{"taxonomy":"post_tag","embeddable":true,"href":"https:\/\/mittelschule-parsberg.de\/ms\/index.php?rest_route=%2Fwp%2Fv2%2Ftags&post=4914"}],"curies":[{"name":"wp","href":"https:\/\/api.w.org\/{rel}","templated":true}]}}