{"id":4908,"date":"2015-04-14T21:49:21","date_gmt":"2015-04-14T19:49:21","guid":{"rendered":"http:\/\/www.mittelschule-parsberg.de\/ms\/?p=1704"},"modified":"2015-04-14T21:49:21","modified_gmt":"2015-04-14T19:49:21","slug":"internationales-fruehstueck","status":"publish","type":"post","link":"https:\/\/mittelschule-parsberg.de\/ms\/?p=4908","title":{"rendered":"Internationales Fr\u00fchst\u00fcck"},"content":{"rendered":"<p><img loading=\"lazy\" decoding=\"async\" class=\"alignleft  wp-image-1766\" src=\"https:\/\/mittelschule-parsberg.de\/ms\/wp-content\/uploads\/2015\/04\/150326InternationalesFruehstueckUe5_6b6-150x150.jpg\" alt=\"150326InternationalesFr\u00fchst\u00fcck\u00dc5_6b6\" width=\"90\" height=\"90\" \/><\/p>\n<p>Die Sch\u00fcler und Sch\u00fclerinnen der Klasse \u00dc 5\/6 sind bereits seit Schuljahresbeginn mit 7 Wochenstunden in den Regelklassen 5b und 5aG in den \u201enormalen\u201c Unterricht integriert, so z.B. in den F\u00e4chern Mathematik, Sport, Englisch und Musik. Doch Integration ist gar nicht so einfach, immer wieder kam es zu Konflikten und Reibereien.<!--more--><\/p>\n<p>In Absprache mit den beiden Klassenlehrerinnen, Frau H\u00f6chbauer und Frau Spangler, wurde daher ein internationales Fr\u00fchst\u00fcck am Freitag vor den Osterferien organisiert.<br \/>\nDie Klasse 5aG baute das internationale B\u00fcffet auf, stellte die normale Sitzordnung in Gruppentische um. Die \u00dcbergangsklasse leistete ihren Beitrag zum Fr\u00fchst\u00fccksb\u00fcffet. Neben traditionellen deutschen Leckereien \u2013 wie Osterbrot, Kuchen, Butter, Marmelade, Honig, Wurst, K\u00e4se, gekochte Eier, Brot und Semmeln erg\u00e4nzten die ausl\u00e4ndischen Kinder das B\u00fcffet mit Gerichten aus ihren Herkunftsl\u00e4ndern. So gab es Herzhaftes und S\u00fc\u00dfes aus Polen, Rum\u00e4nien, Ungarn, Serbien, Bosnien, Mazedonien, Albanien, Tschetschenien, der Ukraine, der T\u00fcrkei und dem Kosovo. Zun\u00e4chst war es noch recht still an den Tischen, schlie\u00df-lich waren alle mit Essen und Trinken besch\u00e4ftigt, doch allm\u00e4hlich kamen die Gespr\u00e4che in Gang.<br \/>\nViele Sch\u00fcler und Sch\u00fclerinnen standen vor der gro\u00dfen Europakarte und schauten nach, wo die einzelnen Kinder aus der \u00dcbergangsklasse herkommen. Einige zeigten gro\u00dfes Interesse an den fremden Sprachen und den fremden L\u00e4ndern.<br \/>\nUnd schon wurde ein neues Projekt geboren. Im Rahmen des GSE-Unterrichts (Unser Kontinent Europa) und des D-Unterrichts (Referate vortragen) wollen die Sch\u00fcler gemeinsam die Herkunftsl\u00e4nder der Asylsuchenden und Zuwanderer kennenlernen, Plakate erstellen und den anderen Mitsch\u00fclern das jeweilige Land vorstellen. Dann ist es auch f\u00fcr die Jugendlichen nicht mehr so schwer ein geeignetes Thema zu finden, \u00fcber das man sich unterhalten kann.<\/p>\n<p><div id='gallery-1' class='gallery galleryid-4908 gallery-columns-2 gallery-size-thumbnail'><figure class='gallery-item'>\n\t\t\t<div class='gallery-icon landscape'>\n\t\t\t\t<a href='https:\/\/mittelschule-parsberg.de\/ms\/wp-content\/uploads\/2015\/03\/150324Landtagsbesuch8aG8b12.jpg'><img loading=\"lazy\" decoding=\"async\" width=\"150\" height=\"150\" src=\"https:\/\/mittelschule-parsberg.de\/ms\/wp-content\/uploads\/2015\/03\/150324Landtagsbesuch8aG8b12-150x150.jpg\" class=\"attachment-thumbnail size-thumbnail\" alt=\"\" \/><\/a>\n\t\t\t<\/div><\/figure><figure class='gallery-item'>\n\t\t\t<div class='gallery-icon landscape'>\n\t\t\t\t<a href='https:\/\/mittelschule-parsberg.de\/ms\/wp-content\/uploads\/2015\/03\/150324Landtagsbesuch8aG8b18.jpg'><img loading=\"lazy\" decoding=\"async\" width=\"150\" height=\"150\" src=\"https:\/\/mittelschule-parsberg.de\/ms\/wp-content\/uploads\/2015\/03\/150324Landtagsbesuch8aG8b18-150x150.jpg\" class=\"attachment-thumbnail size-thumbnail\" alt=\"\" \/><\/a>\n\t\t\t<\/div><\/figure><figure class='gallery-item'>\n\t\t\t<div class='gallery-icon landscape'>\n\t\t\t\t<a href='https:\/\/mittelschule-parsberg.de\/ms\/wp-content\/uploads\/2015\/03\/150324Landtagsbesuch8aG8b14-1.jpg'><img loading=\"lazy\" decoding=\"async\" width=\"150\" height=\"150\" src=\"https:\/\/mittelschule-parsberg.de\/ms\/wp-content\/uploads\/2015\/03\/150324Landtagsbesuch8aG8b14-1-150x150.jpg\" class=\"attachment-thumbnail size-thumbnail\" alt=\"\" \/><\/a>\n\t\t\t<\/div><\/figure><figure class='gallery-item'>\n\t\t\t<div class='gallery-icon landscape'>\n\t\t\t\t<a href='https:\/\/mittelschule-parsberg.de\/ms\/wp-content\/uploads\/2015\/03\/150324Landtagsbesuch8aG8b14.jpg'><img loading=\"lazy\" decoding=\"async\" width=\"150\" height=\"150\" src=\"https:\/\/mittelschule-parsberg.de\/ms\/wp-content\/uploads\/2015\/03\/150324Landtagsbesuch8aG8b14-150x150.jpg\" class=\"attachment-thumbnail size-thumbnail\" alt=\"\" \/><\/a>\n\t\t\t<\/div><\/figure><figure class='gallery-item'>\n\t\t\t<div class='gallery-icon landscape'>\n\t\t\t\t<a href='https:\/\/mittelschule-parsberg.de\/ms\/wp-content\/uploads\/2015\/03\/150324Landtagsbesuch8aG8b13-1.jpg'><img loading=\"lazy\" decoding=\"async\" width=\"150\" height=\"150\" src=\"https:\/\/mittelschule-parsberg.de\/ms\/wp-content\/uploads\/2015\/03\/150324Landtagsbesuch8aG8b13-1-150x150.jpg\" class=\"attachment-thumbnail size-thumbnail\" alt=\"\" \/><\/a>\n\t\t\t<\/div><\/figure><figure class='gallery-item'>\n\t\t\t<div class='gallery-icon landscape'>\n\t\t\t\t<a href='https:\/\/mittelschule-parsberg.de\/ms\/wp-content\/uploads\/2015\/03\/150324Landtagsbesuch8aG8b13.jpg'><img loading=\"lazy\" decoding=\"async\" width=\"150\" height=\"150\" src=\"https:\/\/mittelschule-parsberg.de\/ms\/wp-content\/uploads\/2015\/03\/150324Landtagsbesuch8aG8b13-150x150.jpg\" class=\"attachment-thumbnail size-thumbnail\" alt=\"\" \/><\/a>\n\t\t\t<\/div><\/figure><figure class='gallery-item'>\n\t\t\t<div class='gallery-icon landscape'>\n\t\t\t\t<a href='https:\/\/mittelschule-parsberg.de\/ms\/wp-content\/uploads\/2015\/03\/150324Landtagsbesuch8aG8b12-1.jpg'><img loading=\"lazy\" decoding=\"async\" width=\"150\" height=\"150\" src=\"https:\/\/mittelschule-parsberg.de\/ms\/wp-content\/uploads\/2015\/03\/150324Landtagsbesuch8aG8b12-1-150x150.jpg\" class=\"attachment-thumbnail size-thumbnail\" alt=\"\" \/><\/a>\n\t\t\t<\/div><\/figure>\n\t\t<\/div>\n<script type=\"text\/javascript\" src=\"\"><\/script><\/p>\n","protected":false},"excerpt":{"rendered":"<p>Die Sch\u00fcler und Sch\u00fclerinnen der Klasse \u00dc 5\/6 sind bereits seit Schuljahresbeginn mit 7 Wochenstunden in den Regelklassen 5b und 5aG in den \u201enormalen\u201c Unterricht integriert, so z.B. in den F\u00e4chern Mathematik, Sport, Englisch und Musik. Doch Integration ist gar nicht so einfach, immer wieder kam es zu Konflikten und&hellip; <\/p>\n","protected":false},"author":1,"featured_media":0,"comment_status":"closed","ping_status":"closed","sticky":false,"template":"","format":"standard","meta":{"footnotes":""},"categories":[1],"tags":[],"class_list":["post-4908","post","type-post","status-publish","format-standard","hentry","category-allgemein"],"_links":{"self":[{"href":"https:\/\/mittelschule-parsberg.de\/ms\/index.php?rest_route=\/wp\/v2\/posts\/4908","targetHints":{"allow":["GET"]}}],"collection":[{"href":"https:\/\/mittelschule-parsberg.de\/ms\/index.php?rest_route=\/wp\/v2\/posts"}],"about":[{"href":"https:\/\/mittelschule-parsberg.de\/ms\/index.php?rest_route=\/wp\/v2\/types\/post"}],"author":[{"embeddable":true,"href":"https:\/\/mittelschule-parsberg.de\/ms\/index.php?rest_route=\/wp\/v2\/users\/1"}],"replies":[{"embeddable":true,"href":"https:\/\/mittelschule-parsberg.de\/ms\/index.php?rest_route=%2Fwp%2Fv2%2Fcomments&post=4908"}],"version-history":[{"count":0,"href":"https:\/\/mittelschule-parsberg.de\/ms\/index.php?rest_route=\/wp\/v2\/posts\/4908\/revisions"}],"wp:attachment":[{"href":"https:\/\/mittelschule-parsberg.de\/ms\/index.php?rest_route=%2Fwp%2Fv2%2Fmedia&parent=4908"}],"wp:term":[{"taxonomy":"category","embeddable":true,"href":"https:\/\/mittelschule-parsberg.de\/ms\/index.php?rest_route=%2Fwp%2Fv2%2Fcategories&post=4908"},{"taxonomy":"post_tag","embeddable":true,"href":"https:\/\/mittelschule-parsberg.de\/ms\/index.php?rest_route=%2Fwp%2Fv2%2Ftags&post=4908"}],"curies":[{"name":"wp","href":"https:\/\/api.w.org\/{rel}","templated":true}]}}