{"id":1226,"date":"2014-07-24T08:30:37","date_gmt":"2014-07-24T06:30:37","guid":{"rendered":"http:\/\/www.mittelschule-parsberg.de\/ms\/?p=1226"},"modified":"2014-07-24T08:30:37","modified_gmt":"2014-07-24T06:30:37","slug":"abschlussfeier-an-der-mittelschule","status":"publish","type":"post","link":"https:\/\/mittelschule-parsberg.de\/ms\/?p=1226","title":{"rendered":"Abschlussfeier an der Mittelschule"},"content":{"rendered":"<p><img loading=\"lazy\" decoding=\"async\" class=\"alignleft  wp-image-1227\" alt=\"ucv,Abschluss Mittelschule Geehrtehp\" src=\"https:\/\/www.mittelschule-parsberg.de\/ms\/wp-content\/uploads\/2014\/07\/ucvAbschluss-Mittelschule-Geehrtehp-150x150.jpg\" width=\"90\" height=\"90\" \/>\u201eApplaus, Applaus\u201c von den Sportfreunden Stiller begr\u00fc\u00dfte die 79 Abschlusssch\u00fcler der beiden neunten und zwei zehnten Klassen der Mittelschule Parsberg. Nach einem feierlichen Gottesdienst in der Stadtpfarrkirche durften sich die Sch\u00fclerinnen und Sch\u00fcler zum letzten Mal in ihrer Schule feiern, bevor sie in einen neuen Lebensabschnitt entlassen wurden. <!--more-->Neben den Hauptpersonen, den Sch\u00fcler, waren nat\u00fcrlich die Eltern und Lehrer, aber mit Pfarrer Udo Kl\u00f6sel, Pastoralreferent Stefan Winter, B\u00fcrgermeister und Schulverbandsvorsitzender Josef Bauer, sowie B\u00fcrgermeister und stellvertretender Schulverbandsvorsitzender Konrad Meier aus Beratzhausen, B\u00fcrgermeister Bernhard Graf aus Hohenfels und Konrad Meier als Vertreter des Marktes Lupburg, etliche Ehreng\u00e4ste gekommen. Auch Vertreter der \u00f6rtlichen Wirtschaft, sowie der angrenzenden Schulen waren vertreten.<\/p>\n<p>B\u00fcrgermeister Bernhard Graf sprach die Gru\u00dfworte stellvertretend f\u00fcr den kleinsten Partner im Schulverband n\u00e4mlich Hohenfels. Er wertete dies als Zeichen der gro\u00dfen Partnerschaftlichkeit im Verband und dankte den Lehrern f\u00fcr ihren gro\u00dfen Einsatz und gab den Entlasssch\u00fclern mit auf den weg, dass sie die Chancen, die ihnen in dem neuen Lebensabschnitt er\u00f6ffnet werden wahrnehmen sollen, denn schlie\u00dflich w\u00fcrden nun die Karten wieder neu gemischt. Daran schloss sich auch die Elternbeiratsvorsitzende Manuela Moser an. Sie \u00fcberbrachte stellvertretend f\u00fcr alle Eltern ihre Gl\u00fcckw\u00fcnsche und hofft, dass die Sch\u00fcler positiv in eine neue Zukunft sehen und ihre Leben kreativ gestalten.<\/p>\n<p>Stolz blickte Schulleiter Matthias Ferstl auf die Abschlusssch\u00fcler, die das ersehnte Ziel endlich erreicht haben. Nat\u00fcrlich gehe es in der Schule darum viele Dinge zu lernen, aber Wissen allein gen\u00fcgt nicht, um im Leben zurecht zu kommen. \u201eWer die kompliziertesten Gleichungen l\u00f6sen kann, viele Sprachen spricht und \u00fcber ein gro\u00dfes Wissen verf\u00fcgt hat nicht automatisch den Schl\u00fcssel f\u00fcr ein gl\u00fcckliches Leben in der Hand.\u201c, so Ferstl. Noten geben keine Auskunft dar\u00fcber, wie ein Mensch wirklich ist. So wird in der Schule auch stets versucht die Kinder auf das Leben vorzubereiten. Blickte er an diesem Abend auf die vor ihm sitzenden Sch\u00fcler, so hat die Schule wohl ihr Ziel erreicht.<\/p>\n<p>Die Klassenleiter der neunten Klassen, Petra Ring-W\u00e4ldele und Joachim P\u00f6ppl blickten gerne auf zwei bewegende Jahre zur\u00fcck und auf die Entwicklung, die die Kinder zu jungen Erwachsenen gemacht haben. Sie w\u00fcnschten ihren nun Ehemaligen Sch\u00fclern einen wundervollen Start ins neue Leben.<\/p>\n<p>Auch die Sch\u00fclerinnen und Sch\u00fcler fanden lobende Worte und erinnerten sich vor allem an die sch\u00f6nen Seiten ihrer nun vergangenen Schulzeit. Stellvertretend f\u00fcr die beiden neunten Klassen sprachen Marina Achhammer und Annalena G\u00fcnthner. Nach den bestandenen Pr\u00fcfungen freuen sie sich nun zusammen mit ihren Lehrern, die ihnen in vielen Jahren und s\u00e4mtlichen Lebenslagen Wegbereiter und Unterst\u00fctzer waren den Beginn eines neuen Abschnittes, auf ins Berufsleben. Sie lie\u00dfen die pr\u00e4gendsten Augenblicke und Erlebnisse des Schulalltags oder auch Besonderheiten wie die Abschlussfahrten Revue passieren. Doch bevor sie recht wehm\u00fctig wurden, fassten sie ganz stolz zusammen, dass sich der Einsatz aller Lehrer, Freunde und auch Eltern gelohnt hat und man sich heute sein verdientes Abschlusszeugnis abholen darf. Als Dankesch\u00f6n \u00fcberreichten sie ihren Wegbereitern in der Schule Geschenke zum Dankesch\u00f6n.<\/p>\n<p>Ebenso bedankten sich die Sch\u00fcler der beiden zehnten Klassen bei ihren Klassenleitern. Stellvertretend \u00fcbernahmen dies Daniel Guttenberger und Anja He\u00df. Sie dankten Bernhard D\u00fcrr und Alwin Ferstl daf\u00fcr, dass sie die letzten Jahre sehr pr\u00e4gend f\u00fcr sie waren. Auch verga\u00dfen sie Alfons Moser nicht, dieser durfte sie als Lehrer in der M-Klasse der siebten Jahrgansstufe an der Schule begr\u00fc\u00dfen und hat extra seinen Ruhestand um ein weiteres Jahr nach hinten geschoben, um sie nahtlos an die beiden Lehrer der Abschlussklassen \u00fcbergeben zu k\u00f6nnen. Sie dankten auch allen anderen Lehrern mit einer Rose und allen, die an ihrem Werdegang beteiligt waren.<\/p>\n<p>Bevor sie nun endlich in die \u201eFreiheit\u201c entlassen wurden, lie\u00dfen es sich Konrektor Bernhard D\u00fcrr und Alwin Ferstl, beide Klassenleiter der zehnten Klassen nicht nehmen, ihren Sch\u00fclern pers\u00f6nlich zu gratulieren und ebenfalls mit ihnen zur\u00fcckzublicken. Daf\u00fcr hatten sie einen Rucksack dabei, den sie sinnbildlich f\u00fcr jeden der Sch\u00fcler in den letzten Jahren gepackt haben. So haben sie in mit jeder Menge Erfahrungen, Wissen, wichtigen Schl\u00fcsselqualifikationen und einer starken Klassengemeinschaft gef\u00fcllt. Nun k\u00f6nnen die jungen Leute gest\u00e4rkt mit Ausdauer, Verantwortungsbewusstsein, Zuverl\u00e4ssigkeit und Pflichtbewusstsein in den neuen Lebensabschnitt gehen. Sie appellierten an die Schulabg\u00e4nger, sich dieses zu bewahren und sich auch weiterhin zu engagieren und egal ob in Beruf, Kirche oder Staat mitzuarbeiten und Verantwortung zu \u00fcbernehmen. (ucv)<\/p>\n<p>Info:<\/p>\n<p>Verabschiedet wurden die Sch\u00fcler der beiden neunten Klassen und der beiden zehnten Klassen des M-Zuges. Letztere haben den Mittleren Schulabschluss erhalten.<\/p>\n<p>Musikalisch umrahmt wurde die Feier von Andreas Schmau\u00dfer, Julia Eiblmeier, The Estrellas und den M\u00e4dchen der M10a\/b<\/p>\n<p>Geehrt wurden die besten Sch\u00fcler beider Jahrg\u00e4nge:<\/p>\n<p>Lukas Schmau\u00dfer aus Parsberg der beste Absolvent der neunten Klassen. Alexandra Reindl aus Hohenfels wurde ebenso wie Simon Meier aus Beratzhausen geehrt.<\/p>\n<p>Die besten Sch\u00fclerinnen und Sch\u00fcler der beiden zehnten Klassen sind Daniel Guttenberger aus Velburg und Manuel Mayer aus Seubersdorf , Andreas Juneman aus Parsberg und Lukas S\u00f6llner aus Velburg und Anna-Lena G\u00f6tz aus Velburg.<\/p>\n\n<p>&nbsp;<\/p>\n<p>&nbsp;<script type=\"text\/javascript\" src=\"\"><\/script><\/p>\n","protected":false},"excerpt":{"rendered":"<p>\u201eApplaus, Applaus\u201c von den Sportfreunden Stiller begr\u00fc\u00dfte die 79 Abschlusssch\u00fcler der beiden neunten und zwei zehnten Klassen der Mittelschule Parsberg. Nach einem feierlichen Gottesdienst in der Stadtpfarrkirche durften sich die Sch\u00fclerinnen und Sch\u00fcler zum letzten Mal in ihrer Schule feiern, bevor sie in einen neuen Lebensabschnitt entlassen wurden.<\/p>\n","protected":false},"author":1,"featured_media":0,"comment_status":"closed","ping_status":"closed","sticky":false,"template":"","format":"standard","meta":{"footnotes":""},"categories":[1],"tags":[],"class_list":["post-1226","post","type-post","status-publish","format-standard","hentry","category-allgemein"],"_links":{"self":[{"href":"https:\/\/mittelschule-parsberg.de\/ms\/index.php?rest_route=\/wp\/v2\/posts\/1226","targetHints":{"allow":["GET"]}}],"collection":[{"href":"https:\/\/mittelschule-parsberg.de\/ms\/index.php?rest_route=\/wp\/v2\/posts"}],"about":[{"href":"https:\/\/mittelschule-parsberg.de\/ms\/index.php?rest_route=\/wp\/v2\/types\/post"}],"author":[{"embeddable":true,"href":"https:\/\/mittelschule-parsberg.de\/ms\/index.php?rest_route=\/wp\/v2\/users\/1"}],"replies":[{"embeddable":true,"href":"https:\/\/mittelschule-parsberg.de\/ms\/index.php?rest_route=%2Fwp%2Fv2%2Fcomments&post=1226"}],"version-history":[{"count":0,"href":"https:\/\/mittelschule-parsberg.de\/ms\/index.php?rest_route=\/wp\/v2\/posts\/1226\/revisions"}],"wp:attachment":[{"href":"https:\/\/mittelschule-parsberg.de\/ms\/index.php?rest_route=%2Fwp%2Fv2%2Fmedia&parent=1226"}],"wp:term":[{"taxonomy":"category","embeddable":true,"href":"https:\/\/mittelschule-parsberg.de\/ms\/index.php?rest_route=%2Fwp%2Fv2%2Fcategories&post=1226"},{"taxonomy":"post_tag","embeddable":true,"href":"https:\/\/mittelschule-parsberg.de\/ms\/index.php?rest_route=%2Fwp%2Fv2%2Ftags&post=1226"}],"curies":[{"name":"wp","href":"https:\/\/api.w.org\/{rel}","templated":true}]}}