{"id":1035,"date":"2014-02-17T19:39:26","date_gmt":"2014-02-17T17:39:26","guid":{"rendered":"http:\/\/www.mittelschule-parsberg.de\/ms\/?p=1035"},"modified":"2014-02-17T19:39:26","modified_gmt":"2014-02-17T17:39:26","slug":"schule-ohne-rassismus-schule-mit-courage-wir-kommen","status":"publish","type":"post","link":"https:\/\/mittelschule-parsberg.de\/ms\/?p=1035","title":{"rendered":"&#8222;Schule ohne Rassismus &#8211; Schule mit Courage&#8220; wir kommen!"},"content":{"rendered":"<p>Sehr geehrte Lehrerinnen und Lehrer,<\/p>\n<p>liebe Sch\u00fclerinnen, liebe Sch\u00fcler,<\/p>\n<p>liebe Eltern,<\/p>\n<p>wir haben beschlossen eine \u201eSchule ohne Rassismus \u2013 Schule mit Courage\u201c zu werden, damit an unserer Schule Diskriminierung untereinander wirklich und im wahrsten Sinne des Wortes ein Fremdwort bleibt. <!--more-->Bei diesem Projekt liegt der Fokus darauf, dass die Vorurteile gegen\u00fcber Ausl\u00e4ndern verschwinden und man mit ihnen, wie mit allen anderen Personen auch, v\u00f6llig normal umgeht. Ohne Rassismus hei\u00dft aber auch, dass wir uns alle untereinander respektieren und auch Schimpfw\u00f6rter und Beleidigungen vermeiden. Ich werde in der kommenden Lehrerkonferenz und anschlie\u00dfend in den Klassen einen Vortrag \u00fcber das Projekt SOR \u2013 SMC halten, bei dem ich auch unsere Paten vorstelle, die uns bei unserem Vorhaben unterst\u00fctzen werden.\u00a0 Nach den Vortr\u00e4gen hoffen wir nat\u00fcrlich auch die Stimmen aller Sch\u00fclerinnen und Sch\u00fcler, sowie aller Lehrerinnen und Lehrer zu gewinnen, damit sie sich in die Unterschriftenlisten eintragen und unsere Schule so zu einer \u201eSchule ohne Rassismus -Schule mit Courage\u201c werden kann. Unterst\u00fctzt werde ich tatkr\u00e4ftig von unserem Lehrer Alwin Ferstl, der unsere Arbeit begleitet und zu gro\u00dfen Teilen auch selbst Hand anlegt. Aktuelle Informationen zum Projekt an unserer Schule finden sie unter dem link \u201eSchule ohne Rassismus\u201c auf der rechten Seite der Homepage, der in K\u00fcrze eingerichtet wird. Dort d\u00fcrfen wir Ihnen dann auch unsere Paten vorstellen! Seien sie gespannt!<\/p>\n<p>Gru\u00df<\/p>\n<p>Daniel Guttenberger<\/p>\n<p>Sch\u00fclersprecher<\/p>\n<p>&nbsp;<script type=\"text\/javascript\" src=\"\"><\/script><\/p>\n","protected":false},"excerpt":{"rendered":"<p>Sehr geehrte Lehrerinnen und Lehrer, liebe Sch\u00fclerinnen, liebe Sch\u00fcler, liebe Eltern, wir haben beschlossen eine \u201eSchule ohne Rassismus \u2013 Schule mit Courage\u201c zu werden, damit an unserer Schule Diskriminierung untereinander wirklich und im wahrsten Sinne des Wortes ein Fremdwort bleibt.<\/p>\n","protected":false},"author":1,"featured_media":0,"comment_status":"closed","ping_status":"closed","sticky":false,"template":"","format":"standard","meta":{"footnotes":""},"categories":[1],"tags":[],"class_list":["post-1035","post","type-post","status-publish","format-standard","hentry","category-allgemein"],"_links":{"self":[{"href":"https:\/\/mittelschule-parsberg.de\/ms\/index.php?rest_route=\/wp\/v2\/posts\/1035","targetHints":{"allow":["GET"]}}],"collection":[{"href":"https:\/\/mittelschule-parsberg.de\/ms\/index.php?rest_route=\/wp\/v2\/posts"}],"about":[{"href":"https:\/\/mittelschule-parsberg.de\/ms\/index.php?rest_route=\/wp\/v2\/types\/post"}],"author":[{"embeddable":true,"href":"https:\/\/mittelschule-parsberg.de\/ms\/index.php?rest_route=\/wp\/v2\/users\/1"}],"replies":[{"embeddable":true,"href":"https:\/\/mittelschule-parsberg.de\/ms\/index.php?rest_route=%2Fwp%2Fv2%2Fcomments&post=1035"}],"version-history":[{"count":0,"href":"https:\/\/mittelschule-parsberg.de\/ms\/index.php?rest_route=\/wp\/v2\/posts\/1035\/revisions"}],"wp:attachment":[{"href":"https:\/\/mittelschule-parsberg.de\/ms\/index.php?rest_route=%2Fwp%2Fv2%2Fmedia&parent=1035"}],"wp:term":[{"taxonomy":"category","embeddable":true,"href":"https:\/\/mittelschule-parsberg.de\/ms\/index.php?rest_route=%2Fwp%2Fv2%2Fcategories&post=1035"},{"taxonomy":"post_tag","embeddable":true,"href":"https:\/\/mittelschule-parsberg.de\/ms\/index.php?rest_route=%2Fwp%2Fv2%2Ftags&post=1035"}],"curies":[{"name":"wp","href":"https:\/\/api.w.org\/{rel}","templated":true}]}}